{"id":5660,"date":"2019-04-25T08:00:52","date_gmt":"2019-04-25T06:00:52","guid":{"rendered":"http:\/\/agora.xtec.cat\/escolalavilapalamos\/?p=5660"},"modified":"2019-04-25T10:43:10","modified_gmt":"2019-04-25T08:43:10","slug":"anem-ala-gorga-a-assajar-teatre","status":"publish","type":"post","link":"https:\/\/agora.xtec.cat\/escolalavilapalamos\/general\/anem-ala-gorga-a-assajar-teatre\/","title":{"rendered":"Anem a La Gorga a assajar teatre"},"content":{"rendered":"<p><a href=\"https:\/\/agora.xtec.cat\/escolalavilapalamos\/wp-content\/uploads\/usu897\/2019\/04\/Mostra-2019.jpg\"><img loading=\"lazy\" decoding=\"async\" class=\" wp-image-5717 alignright\" src=\"https:\/\/agora.xtec.cat\/escolalavilapalamos\/wp-content\/uploads\/usu897\/2019\/04\/Mostra-2019.jpg\" alt=\"\" width=\"227\" height=\"393\" srcset=\"https:\/\/agora.xtec.cat\/escolalavilapalamos\/wp-content\/uploads\/usu897\/2019\/04\/Mostra-2019.jpg 535w, https:\/\/agora.xtec.cat\/escolalavilapalamos\/wp-content\/uploads\/usu897\/2019\/04\/Mostra-2019-173x300.jpg 173w\" sizes=\"auto, (max-width: 227px) 100vw, 227px\" \/><\/a>Els nens\/a de 5\u00e8 i 2n participen a la Mostra de Teatre Infantil de Palam\u00f3s. Faran una obra de teatre. 5\u00e8 l&#8217;obra <em>Amics i amors de Hoffmann<\/em> el dissabte 11 de maig a les 12h i\u00a0 2n l&#8217;obra <em>Go to London<\/em> dissabte 18 de maig a les 19:30 h.<\/p>\n<p>Per poder preparar les obres <strong>anem uns dies al Teatre la Gorga a assajar<\/strong>.<\/p>\n<p>5\u00e8 far\u00e0 els assajos el dimarts 30 d&#8217;abril i el dimarts 7 de maig al mat\u00ed.<\/p>\n<p>2n far\u00e0 els assajos el dimarts 14 de maig i el dimecres 15 de maig al mat\u00ed.<\/p>\n<p>Esperem que no us perdeu les obres !<\/p>\n","protected":false},"excerpt":{"rendered":"<p><a href=\"https:\/\/agora.xtec.cat\/escolalavilapalamos\/wp-content\/uploads\/usu897\/2019\/04\/Mostra-2019.jpg\"><\/a>Els nens\/a de 5\u00e8 i 2n participen a la Mostra de Teatre Infantil de Palam\u00f3s. Faran una obra de teatre. 5\u00e8 l&#8217;obra Amics i amors de Hoffmann el dissabte 11 de maig a les 12h i\u00a0 2n l&#8217;obra Go to London dissabte 18 de&hellip;  <a href=\"https:\/\/agora.xtec.cat\/escolalavilapalamos\/general\/anem-ala-gorga-a-assajar-teatre\/\" title=\"Read Anem a La Gorga a assajar teatre\">Llegeix m\u00e9s\u00bb<\/a><\/p>\n","protected":false},"author":171,"featured_media":5717,"comment_status":"open","ping_status":"closed","sticky":false,"template":"","format":"standard","meta":{"_bbp_topic_count":0,"_bbp_reply_count":0,"_bbp_total_topic_count":0,"_bbp_total_reply_count":0,"_bbp_voice_count":0,"_bbp_anonymous_reply_count":0,"_bbp_topic_count_hidden":0,"_bbp_reply_count_hidden":0,"_bbp_forum_subforum_count":0,"footnotes":""},"categories":[128,127,1,4,5],"tags":[],"class_list":["post-5660","post","type-post","status-publish","format-standard","has-post-thumbnail","hentry","category-comunitat-de-grans","category-comunitat-de-mitjans","category-general","category-portada","category-primaria"],"post_mailing_queue_ids":[],"_links":{"self":[{"href":"https:\/\/agora.xtec.cat\/escolalavilapalamos\/wp-json\/wp\/v2\/posts\/5660","targetHints":{"allow":["GET"]}}],"collection":[{"href":"https:\/\/agora.xtec.cat\/escolalavilapalamos\/wp-json\/wp\/v2\/posts"}],"about":[{"href":"https:\/\/agora.xtec.cat\/escolalavilapalamos\/wp-json\/wp\/v2\/types\/post"}],"author":[{"embeddable":true,"href":"https:\/\/agora.xtec.cat\/escolalavilapalamos\/wp-json\/wp\/v2\/users\/171"}],"replies":[{"embeddable":true,"href":"https:\/\/agora.xtec.cat\/escolalavilapalamos\/wp-json\/wp\/v2\/comments?post=5660"}],"version-history":[{"count":3,"href":"https:\/\/agora.xtec.cat\/escolalavilapalamos\/wp-json\/wp\/v2\/posts\/5660\/revisions"}],"predecessor-version":[{"id":5719,"href":"https:\/\/agora.xtec.cat\/escolalavilapalamos\/wp-json\/wp\/v2\/posts\/5660\/revisions\/5719"}],"wp:featuredmedia":[{"embeddable":true,"href":"https:\/\/agora.xtec.cat\/escolalavilapalamos\/wp-json\/wp\/v2\/media\/5717"}],"wp:attachment":[{"href":"https:\/\/agora.xtec.cat\/escolalavilapalamos\/wp-json\/wp\/v2\/media?parent=5660"}],"wp:term":[{"taxonomy":"category","embeddable":true,"href":"https:\/\/agora.xtec.cat\/escolalavilapalamos\/wp-json\/wp\/v2\/categories?post=5660"},{"taxonomy":"post_tag","embeddable":true,"href":"https:\/\/agora.xtec.cat\/escolalavilapalamos\/wp-json\/wp\/v2\/tags?post=5660"}],"curies":[{"name":"wp","href":"https:\/\/api.w.org\/{rel}","templated":true}]}}