{"id":5655,"date":"2019-04-04T16:09:09","date_gmt":"2019-04-04T14:09:09","guid":{"rendered":"http:\/\/agora.xtec.cat\/escolalavilapalamos\/?p=5655"},"modified":"2019-04-04T16:13:31","modified_gmt":"2019-04-04T14:13:31","slug":"lambulancia-a-lescola","status":"publish","type":"post","link":"https:\/\/agora.xtec.cat\/escolalavilapalamos\/general\/lambulancia-a-lescola\/","title":{"rendered":"L&#8217;ambul\u00e0ncia a l&#8217;escola"},"content":{"rendered":"<h4>Reporters La Vila<a href=\"https:\/\/agora.xtec.cat\/escolalavilapalamos\/wp-content\/uploads\/usu897\/2019\/04\/450_1000.jpg\"><img loading=\"lazy\" decoding=\"async\" class=\" wp-image-5662 alignright\" src=\"https:\/\/agora.xtec.cat\/escolalavilapalamos\/wp-content\/uploads\/usu897\/2019\/04\/450_1000.jpg\" alt=\"\" width=\"402\" height=\"218\" srcset=\"https:\/\/agora.xtec.cat\/escolalavilapalamos\/wp-content\/uploads\/usu897\/2019\/04\/450_1000.jpg 450w, https:\/\/agora.xtec.cat\/escolalavilapalamos\/wp-content\/uploads\/usu897\/2019\/04\/450_1000-300x163.jpg 300w\" sizes=\"auto, (max-width: 402px) 100vw, 402px\" \/><\/a><\/h4>\n<p>El dilluns 8 d&#8217;abril al mat\u00ed, els nens i nenes de la comunitat de petits tindran la visita d&#8217;una ambul\u00e0ncia de l&#8217;Hospital de Palam\u00f3s.<\/p>\n<p>En Xavi Larumbe, pare de l&#8217;escola i conductor d&#8217;ambul\u00e0ncies, vindr\u00e0 a explicar com funciona una ambul\u00e0ncia: la camilla, les bombones d&#8217;ox\u00edgen, els desfribiladors, etc.<\/p>\n<p>Ser\u00e0 una xerrada molt interessant. La mainada podr\u00e0 posar en marxa la sirena !<\/p>\n<h6><\/h6>\n<p><a href=\"https:\/\/www.minijuegos.com\/juego\/dumb-ways-jr-zanys-hospital\">Juga al joc d&#8217;anar al metge<\/a><\/p>\n","protected":false},"excerpt":{"rendered":"<p>Reporters La Vila<a href=\"https:\/\/agora.xtec.cat\/escolalavilapalamos\/wp-content\/uploads\/usu897\/2019\/04\/450_1000.jpg\"><\/a><br \/>\nEl dilluns 8 d&#8217;abril al mat\u00ed, els nens i nenes de la comunitat de petits tindran la visita d&#8217;una ambul\u00e0ncia de l&#8217;Hospital de Palam\u00f3s.<br \/>\nEn Xavi Larumbe, pare de l&#8217;escola i conductor d&#8217;ambul\u00e0ncies, vindr\u00e0 a explicar com funciona una ambul\u00e0ncia: la camilla, les&hellip;  <a href=\"https:\/\/agora.xtec.cat\/escolalavilapalamos\/general\/lambulancia-a-lescola\/\" title=\"Read L&#8217;ambul\u00e0ncia a l&#8217;escola\">Llegeix m\u00e9s\u00bb<\/a><\/p>\n","protected":false},"author":171,"featured_media":5662,"comment_status":"open","ping_status":"closed","sticky":false,"template":"","format":"standard","meta":{"_bbp_topic_count":0,"_bbp_reply_count":0,"_bbp_total_topic_count":0,"_bbp_total_reply_count":0,"_bbp_voice_count":0,"_bbp_anonymous_reply_count":0,"_bbp_topic_count_hidden":0,"_bbp_reply_count_hidden":0,"_bbp_forum_subforum_count":0,"footnotes":""},"categories":[2,1,4,5],"tags":[],"class_list":["post-5655","post","type-post","status-publish","format-standard","has-post-thumbnail","hentry","category-infantil","category-general","category-portada","category-primaria"],"post_mailing_queue_ids":[],"_links":{"self":[{"href":"https:\/\/agora.xtec.cat\/escolalavilapalamos\/wp-json\/wp\/v2\/posts\/5655","targetHints":{"allow":["GET"]}}],"collection":[{"href":"https:\/\/agora.xtec.cat\/escolalavilapalamos\/wp-json\/wp\/v2\/posts"}],"about":[{"href":"https:\/\/agora.xtec.cat\/escolalavilapalamos\/wp-json\/wp\/v2\/types\/post"}],"author":[{"embeddable":true,"href":"https:\/\/agora.xtec.cat\/escolalavilapalamos\/wp-json\/wp\/v2\/users\/171"}],"replies":[{"embeddable":true,"href":"https:\/\/agora.xtec.cat\/escolalavilapalamos\/wp-json\/wp\/v2\/comments?post=5655"}],"version-history":[{"count":4,"href":"https:\/\/agora.xtec.cat\/escolalavilapalamos\/wp-json\/wp\/v2\/posts\/5655\/revisions"}],"predecessor-version":[{"id":5699,"href":"https:\/\/agora.xtec.cat\/escolalavilapalamos\/wp-json\/wp\/v2\/posts\/5655\/revisions\/5699"}],"wp:featuredmedia":[{"embeddable":true,"href":"https:\/\/agora.xtec.cat\/escolalavilapalamos\/wp-json\/wp\/v2\/media\/5662"}],"wp:attachment":[{"href":"https:\/\/agora.xtec.cat\/escolalavilapalamos\/wp-json\/wp\/v2\/media?parent=5655"}],"wp:term":[{"taxonomy":"category","embeddable":true,"href":"https:\/\/agora.xtec.cat\/escolalavilapalamos\/wp-json\/wp\/v2\/categories?post=5655"},{"taxonomy":"post_tag","embeddable":true,"href":"https:\/\/agora.xtec.cat\/escolalavilapalamos\/wp-json\/wp\/v2\/tags?post=5655"}],"curies":[{"name":"wp","href":"https:\/\/api.w.org\/{rel}","templated":true}]}}