{"id":5645,"date":"2019-10-14T16:30:13","date_gmt":"2019-10-14T14:30:13","guid":{"rendered":"http:\/\/agora.xtec.cat\/escolalavilapalamos\/?p=5645"},"modified":"2019-10-17T15:47:14","modified_gmt":"2019-10-17T13:47:14","slug":"pirates-a-palamos-2","status":"publish","type":"post","link":"https:\/\/agora.xtec.cat\/escolalavilapalamos\/general\/pirates-a-palamos-2\/","title":{"rendered":"Pirates a Palam\u00f3s"},"content":{"rendered":"<p>&nbsp;<\/p>\n<h5><a href=\"https:\/\/agora.xtec.cat\/escolalavilapalamos\/wp-content\/uploads\/usu897\/2019\/10\/97862383_gettyimages-179128512.jpg\"><img loading=\"lazy\" decoding=\"async\" class=\"wp-image-6484 alignleft\" src=\"https:\/\/agora.xtec.cat\/escolalavilapalamos\/wp-content\/uploads\/usu897\/2019\/10\/97862383_gettyimages-179128512-300x169.jpg\" alt=\"\" width=\"366\" height=\"207\" srcset=\"https:\/\/agora.xtec.cat\/escolalavilapalamos\/wp-content\/uploads\/usu897\/2019\/10\/97862383_gettyimages-179128512-300x169.jpg 300w, https:\/\/agora.xtec.cat\/escolalavilapalamos\/wp-content\/uploads\/usu897\/2019\/10\/97862383_gettyimages-179128512-768x432.jpg 768w, https:\/\/agora.xtec.cat\/escolalavilapalamos\/wp-content\/uploads\/usu897\/2019\/10\/97862383_gettyimages-179128512.jpg 912w\" sizes=\"auto, (max-width: 366px) 100vw, 366px\" \/><\/a>Reporters La Vila<\/h5>\n<p>El <strong>dimecres 16 d\u00b4octubre<\/strong> els alumnes de 3r participen a l\u00b4activitat PIRATES A PALAMOS! es tracta d\u00b4una visita guiada pel nucil antic de la vila tot seguint els passos de l\u00b4escuadra del corsari barba-rossa. Es una proposta del museu\u00a0 de la pesca que cada any ens ajuda a entendre la relacio de Palam\u00f3s amb el temible corsari.<\/p>\n<p>M\u00e9s informaci\u00f3 del m\u00f3n dels pirates <a href=\"http:\/\/marenostrum.org\/nuestrascostas\/cbpasoapaso\/palamos\/\">aqu\u00ed<\/a><\/p>\n<p>Pots veure el <a href=\"http:\/\/tvcostabrava.xiptv.cat\/en-clau-palamosina\/capitol\/presentacio-del-llibre-pirates-i-corsaris-de-gabriel-marti#\">programa de TV Costa Brava <em>En clau palamosina<\/em><\/a> dedicat als <em>Pirates i corsaris de l&#8217;Empord\u00e0<\/em> del 11\/01\/17.<\/p>\n<p>El pirata Barbarossa va atacar Palam\u00f3s 1543. La\u00a0 gent es va refugiar als\u00a0 refugis i a les muntanyes. Vint vaixells de la flota del temible pirata turc Barba-rossa van atacar la poblaci\u00f3. Un colpidor testimoniatge que, anys m\u00e9s tard, el 1730, va ser transcrit pels jurats palamosins.<\/p>\n<p><a href=\"http:\/\/www.macrojuegos.com\/juegos\/scooby-doo-pirate-ship-of-fools~3188\/\">Juga al joc dels pirates<\/a><\/p>\n<p><a href=\"https:\/\/agora.xtec.cat\/escolalavilapalamos\/wp-content\/uploads\/usu897\/2019\/04\/76874e2c72eef9b03376d17dd93fd36a.jpg\">\u00a0<\/a><\/p>\n<p>&nbsp;<\/p>\n","protected":false},"excerpt":{"rendered":"<p>&nbsp;<br \/>\n<a href=\"https:\/\/agora.xtec.cat\/escolalavilapalamos\/wp-content\/uploads\/usu897\/2019\/10\/97862383_gettyimages-179128512.jpg\"><\/a>Reporters La Vila<br \/>\nEl dimecres 16 d\u00b4octubre els alumnes de 3r participen a l\u00b4activitat PIRATES A PALAMOS! es tracta d\u00b4una visita guiada pel nucil antic de la vila tot seguint els passos de l\u00b4escuadra del corsari barba-rossa. Es una proposta del museu\u00a0 de la pesca&hellip;  <a href=\"https:\/\/agora.xtec.cat\/escolalavilapalamos\/general\/pirates-a-palamos-2\/\" title=\"Read Pirates a Palam\u00f3s\">Llegeix m\u00e9s\u00bb<\/a><\/p>\n","protected":false},"author":1,"featured_media":6484,"comment_status":"open","ping_status":"closed","sticky":false,"template":"","format":"standard","meta":{"_bbp_topic_count":0,"_bbp_reply_count":0,"_bbp_total_topic_count":0,"_bbp_total_reply_count":0,"_bbp_voice_count":0,"_bbp_anonymous_reply_count":0,"_bbp_topic_count_hidden":0,"_bbp_reply_count_hidden":0,"_bbp_forum_subforum_count":0,"footnotes":""},"categories":[127,1,4,5],"tags":[],"class_list":["post-5645","post","type-post","status-publish","format-standard","has-post-thumbnail","hentry","category-comunitat-de-mitjans","category-general","category-portada","category-primaria"],"post_mailing_queue_ids":[],"_links":{"self":[{"href":"https:\/\/agora.xtec.cat\/escolalavilapalamos\/wp-json\/wp\/v2\/posts\/5645","targetHints":{"allow":["GET"]}}],"collection":[{"href":"https:\/\/agora.xtec.cat\/escolalavilapalamos\/wp-json\/wp\/v2\/posts"}],"about":[{"href":"https:\/\/agora.xtec.cat\/escolalavilapalamos\/wp-json\/wp\/v2\/types\/post"}],"author":[{"embeddable":true,"href":"https:\/\/agora.xtec.cat\/escolalavilapalamos\/wp-json\/wp\/v2\/users\/1"}],"replies":[{"embeddable":true,"href":"https:\/\/agora.xtec.cat\/escolalavilapalamos\/wp-json\/wp\/v2\/comments?post=5645"}],"version-history":[{"count":3,"href":"https:\/\/agora.xtec.cat\/escolalavilapalamos\/wp-json\/wp\/v2\/posts\/5645\/revisions"}],"predecessor-version":[{"id":6531,"href":"https:\/\/agora.xtec.cat\/escolalavilapalamos\/wp-json\/wp\/v2\/posts\/5645\/revisions\/6531"}],"wp:featuredmedia":[{"embeddable":true,"href":"https:\/\/agora.xtec.cat\/escolalavilapalamos\/wp-json\/wp\/v2\/media\/6484"}],"wp:attachment":[{"href":"https:\/\/agora.xtec.cat\/escolalavilapalamos\/wp-json\/wp\/v2\/media?parent=5645"}],"wp:term":[{"taxonomy":"category","embeddable":true,"href":"https:\/\/agora.xtec.cat\/escolalavilapalamos\/wp-json\/wp\/v2\/categories?post=5645"},{"taxonomy":"post_tag","embeddable":true,"href":"https:\/\/agora.xtec.cat\/escolalavilapalamos\/wp-json\/wp\/v2\/tags?post=5645"}],"curies":[{"name":"wp","href":"https:\/\/api.w.org\/{rel}","templated":true}]}}