{"id":5612,"date":"2021-04-28T09:55:01","date_gmt":"2021-04-28T07:55:01","guid":{"rendered":"http:\/\/agora.xtec.cat\/escolalavilapalamos\/?p=5612"},"modified":"2021-05-10T16:25:42","modified_gmt":"2021-05-10T14:25:42","slug":"sortida-de-p5-al-mas-dels-vents-i-la-fosca","status":"publish","type":"post","link":"https:\/\/agora.xtec.cat\/escolalavilapalamos\/general\/sortida-de-p5-al-mas-dels-vents-i-la-fosca\/","title":{"rendered":"Sortida de P5 al Mas dels Vents i La Fosca"},"content":{"rendered":"<p><img loading=\"lazy\" decoding=\"async\" class=\"alignright\" src=\"https:\/\/i.ytimg.com\/vi\/SxEXtAaIEkA\/maxresdefault.jpg\" width=\"395\" height=\"222\" \/><\/p>\n<p>El dijous 6 de maig al mat\u00ed, els nens i nenes de P5 anem a visitar el claustre que hi ha situat als jardins del <strong>Mas dels Vents i a la Fosca.<\/strong><\/p>\n<p>Aquesta sortida es fa dins del Projecte de Palam\u00f3s i el programa educatiu que ofereix l&#8217;\u00c0rea de Cultura de l&#8217; Ajuntament a les escoles. Farem una excursi\u00f3 de tot el dia (8&#8217;30h a 16h)<\/p>\n<p>Cal portar: <strong>motxilla petita per penjar a l&#8217;esquena, esmorzar, carmanyola per dinar, aigua ( no l\u00e0ctics ni sucs), gorra, mascareta (+ una de recanvi) i crema solar (posada a casa).<\/strong>\u00a0\u00a0 Recordeu que tot el que es porta cal que estigui marcat amb nom i cognoms.<\/p>\n<p>M\u00e9s informaci\u00f3 del Mas dels vents <a href=\"http:\/\/www.brugarol.com\/mas-del-vent\/\">aqu\u00ed<\/a>. On anem d&#8217;excursi\u00f3 ? <a href=\"https:\/\/www.google.es\/maps\/search\/mas+dels+vents+palam%C3%B3s\/@41.8602278,3.1375348,195m\/data=!3m1!1e3\">mira-ho<\/a>.<\/p>\n","protected":false},"excerpt":{"rendered":"<p>El dijous 6 de maig al mat\u00ed, els nens i nenes de P5 anem a visitar el claustre que hi ha situat als jardins del Mas dels Vents i a la Fosca.<br \/>\nAquesta sortida es fa dins del Projecte de Palam\u00f3s i el programa educatiu que&hellip;  <a href=\"https:\/\/agora.xtec.cat\/escolalavilapalamos\/general\/sortida-de-p5-al-mas-dels-vents-i-la-fosca\/\" title=\"Read Sortida de P5 al Mas dels Vents i La Fosca\">Llegeix m\u00e9s\u00bb<\/a><\/p>\n","protected":false},"author":1,"featured_media":5613,"comment_status":"open","ping_status":"closed","sticky":false,"template":"","format":"standard","meta":{"_bbp_topic_count":0,"_bbp_reply_count":0,"_bbp_total_topic_count":0,"_bbp_total_reply_count":0,"_bbp_voice_count":0,"_bbp_anonymous_reply_count":0,"_bbp_topic_count_hidden":0,"_bbp_reply_count_hidden":0,"_bbp_forum_subforum_count":0,"footnotes":""},"categories":[2,1,4],"tags":[],"class_list":["post-5612","post","type-post","status-publish","format-standard","has-post-thumbnail","hentry","category-infantil","category-general","category-portada"],"post_mailing_queue_ids":[],"_links":{"self":[{"href":"https:\/\/agora.xtec.cat\/escolalavilapalamos\/wp-json\/wp\/v2\/posts\/5612","targetHints":{"allow":["GET"]}}],"collection":[{"href":"https:\/\/agora.xtec.cat\/escolalavilapalamos\/wp-json\/wp\/v2\/posts"}],"about":[{"href":"https:\/\/agora.xtec.cat\/escolalavilapalamos\/wp-json\/wp\/v2\/types\/post"}],"author":[{"embeddable":true,"href":"https:\/\/agora.xtec.cat\/escolalavilapalamos\/wp-json\/wp\/v2\/users\/1"}],"replies":[{"embeddable":true,"href":"https:\/\/agora.xtec.cat\/escolalavilapalamos\/wp-json\/wp\/v2\/comments?post=5612"}],"version-history":[{"count":3,"href":"https:\/\/agora.xtec.cat\/escolalavilapalamos\/wp-json\/wp\/v2\/posts\/5612\/revisions"}],"predecessor-version":[{"id":9453,"href":"https:\/\/agora.xtec.cat\/escolalavilapalamos\/wp-json\/wp\/v2\/posts\/5612\/revisions\/9453"}],"wp:featuredmedia":[{"embeddable":true,"href":"https:\/\/agora.xtec.cat\/escolalavilapalamos\/wp-json\/wp\/v2\/media\/5613"}],"wp:attachment":[{"href":"https:\/\/agora.xtec.cat\/escolalavilapalamos\/wp-json\/wp\/v2\/media?parent=5612"}],"wp:term":[{"taxonomy":"category","embeddable":true,"href":"https:\/\/agora.xtec.cat\/escolalavilapalamos\/wp-json\/wp\/v2\/categories?post=5612"},{"taxonomy":"post_tag","embeddable":true,"href":"https:\/\/agora.xtec.cat\/escolalavilapalamos\/wp-json\/wp\/v2\/tags?post=5612"}],"curies":[{"name":"wp","href":"https:\/\/api.w.org\/{rel}","templated":true}]}}