{"id":5550,"date":"2019-03-28T08:58:42","date_gmt":"2019-03-28T07:58:42","guid":{"rendered":"http:\/\/agora.xtec.cat\/escolalavilapalamos\/?p=5550"},"modified":"2019-04-09T11:14:18","modified_gmt":"2019-04-09T09:14:18","slug":"preinscripcio-curs-2019-20","status":"publish","type":"post","link":"https:\/\/agora.xtec.cat\/escolalavilapalamos\/general\/preinscripcio-curs-2019-20\/","title":{"rendered":"Preinscripci\u00f3 curs 2019-20"},"content":{"rendered":"<p><a href=\"https:\/\/agora.xtec.cat\/escolalavilapalamos\/wp-content\/uploads\/usu897\/2019\/03\/Preinscripci\u00f3-del-curs-2019-2020.jpg\"><img loading=\"lazy\" decoding=\"async\" class=\"wp-image-5551 alignleft\" src=\"https:\/\/agora.xtec.cat\/escolalavilapalamos\/wp-content\/uploads\/usu897\/2019\/03\/Preinscripci\u00f3-del-curs-2019-2020.jpg\" alt=\"\" width=\"330\" height=\"293\" srcset=\"https:\/\/agora.xtec.cat\/escolalavilapalamos\/wp-content\/uploads\/usu897\/2019\/03\/Preinscripci\u00f3-del-curs-2019-2020.jpg 751w, https:\/\/agora.xtec.cat\/escolalavilapalamos\/wp-content\/uploads\/usu897\/2019\/03\/Preinscripci\u00f3-del-curs-2019-2020-300x267.jpg 300w\" sizes=\"auto, (max-width: 330px) 100vw, 330px\" \/><\/a>Divendres 29 de mar\u00e7 s\u2019inicia el per\u00edode per presentar la sol\u2022licitud de <strong>preinscripci\u00f3 pel proper curs 2019-20<\/strong>. La presentaci\u00f3 de les sol\u2022licituds \u00e9s del <strong>divendres 29 de mar\u00e7 al dimarts 9 d\u2019abril de 2019<\/strong>.<\/p>\n<p>Publicaci\u00f3 de l\u2019oferta de places al tauler d\u2019anuncis del centre: dimecres 27 de mar\u00e7.<\/p>\n<p>Aqu\u00ed trobareu els enlla\u00e7os on s\u2019especifica tota la informaci\u00f3 i la documentaci\u00f3 que heu de portar:<\/p>\n<p><a href=\"https:\/\/drive.google.com\/file\/d\/1F5o2S39sXdE1uJHSkhYyMiGJsDqAPeNm\/view?usp=sharing\">Sol\u2022licitud de preinscripci\u00f3<\/a><\/p>\n<p><a href=\"https:\/\/drive.google.com\/file\/d\/1oGzbVUMbCZ8mLriz-XpGHhdLs3va7phg\/view?usp=sharing\">Clica per descarregar qu\u00e8 necessites portar a la preinscripci\u00f3 i els criteris de prioritat.<\/a><\/p>\n<p><a href=\"https:\/\/drive.google.com\/file\/d\/1X9fcS59yF0UKfvUGHWjtcuMJXUIdh_wC\/view?usp=sharing\">Calendari del proc\u00e9s de preinscripci\u00f3<\/a><\/p>\n<p>M\u00e9s informaci\u00f3 a la <a href=\"http:\/\/queestudiar.gencat.cat\/ca\/preinscripcio\/\">web del Departament d\u2019Ensenyament<\/a> de la Generalitat de Catalunya.<\/p>\n<h6><a href=\"https:\/\/portaldogc.gencat.cat\/utilsEADOP\/PDF\/7821\/1729604.pdf\">RESOLUCI\u00d3 EDU\/452\/2019, de 21 de febrer<\/a>, per la qual s&#8217;aproven les normes de preinscripci\u00f3 i matr\u00edcula d&#8217;alumnes als centres del Servei d&#8217;Educaci\u00f3 de Catalunya i altres centres educatius, en els diversos ensenyaments sostinguts amb fons p\u00fablics, per al curs 2019-2020.<\/h6>\n","protected":false},"excerpt":{"rendered":"<p><a href=\"https:\/\/agora.xtec.cat\/escolalavilapalamos\/wp-content\/uploads\/usu897\/2019\/03\/Preinscripci\u00f3-del-curs-2019-2020.jpg\"><\/a>Divendres 29 de mar\u00e7 s\u2019inicia el per\u00edode per presentar la sol\u2022licitud de preinscripci\u00f3 pel proper curs 2019-20. La presentaci\u00f3 de les sol\u2022licituds \u00e9s del divendres 29 de mar\u00e7 al dimarts 9 d\u2019abril de 2019.<br \/>\nPublicaci\u00f3 de l\u2019oferta de places al tauler d\u2019anuncis del centre: dimecres&hellip;  <a href=\"https:\/\/agora.xtec.cat\/escolalavilapalamos\/general\/preinscripcio-curs-2019-20\/\" title=\"Read Preinscripci\u00f3 curs 2019-20\">Llegeix m\u00e9s\u00bb<\/a><\/p>\n","protected":false},"author":1,"featured_media":5551,"comment_status":"open","ping_status":"closed","sticky":false,"template":"","format":"standard","meta":{"_bbp_topic_count":0,"_bbp_reply_count":0,"_bbp_total_topic_count":0,"_bbp_total_reply_count":0,"_bbp_voice_count":0,"_bbp_anonymous_reply_count":0,"_bbp_topic_count_hidden":0,"_bbp_reply_count_hidden":0,"_bbp_forum_subforum_count":0,"footnotes":""},"categories":[128,127,2,1,4,5],"tags":[],"class_list":["post-5550","post","type-post","status-publish","format-standard","has-post-thumbnail","hentry","category-comunitat-de-grans","category-comunitat-de-mitjans","category-infantil","category-general","category-portada","category-primaria"],"post_mailing_queue_ids":[],"_links":{"self":[{"href":"https:\/\/agora.xtec.cat\/escolalavilapalamos\/wp-json\/wp\/v2\/posts\/5550","targetHints":{"allow":["GET"]}}],"collection":[{"href":"https:\/\/agora.xtec.cat\/escolalavilapalamos\/wp-json\/wp\/v2\/posts"}],"about":[{"href":"https:\/\/agora.xtec.cat\/escolalavilapalamos\/wp-json\/wp\/v2\/types\/post"}],"author":[{"embeddable":true,"href":"https:\/\/agora.xtec.cat\/escolalavilapalamos\/wp-json\/wp\/v2\/users\/1"}],"replies":[{"embeddable":true,"href":"https:\/\/agora.xtec.cat\/escolalavilapalamos\/wp-json\/wp\/v2\/comments?post=5550"}],"version-history":[{"count":2,"href":"https:\/\/agora.xtec.cat\/escolalavilapalamos\/wp-json\/wp\/v2\/posts\/5550\/revisions"}],"predecessor-version":[{"id":5553,"href":"https:\/\/agora.xtec.cat\/escolalavilapalamos\/wp-json\/wp\/v2\/posts\/5550\/revisions\/5553"}],"wp:featuredmedia":[{"embeddable":true,"href":"https:\/\/agora.xtec.cat\/escolalavilapalamos\/wp-json\/wp\/v2\/media\/5551"}],"wp:attachment":[{"href":"https:\/\/agora.xtec.cat\/escolalavilapalamos\/wp-json\/wp\/v2\/media?parent=5550"}],"wp:term":[{"taxonomy":"category","embeddable":true,"href":"https:\/\/agora.xtec.cat\/escolalavilapalamos\/wp-json\/wp\/v2\/categories?post=5550"},{"taxonomy":"post_tag","embeddable":true,"href":"https:\/\/agora.xtec.cat\/escolalavilapalamos\/wp-json\/wp\/v2\/tags?post=5550"}],"curies":[{"name":"wp","href":"https:\/\/api.w.org\/{rel}","templated":true}]}}