{"id":5532,"date":"2019-03-21T13:10:13","date_gmt":"2019-03-21T12:10:13","guid":{"rendered":"http:\/\/agora.xtec.cat\/escolalavilapalamos\/?p=5532"},"modified":"2019-03-21T13:10:13","modified_gmt":"2019-03-21T12:10:13","slug":"visitem-el-nostre-barri","status":"publish","type":"post","link":"https:\/\/agora.xtec.cat\/escolalavilapalamos\/general\/visitem-el-nostre-barri\/","title":{"rendered":"Visitem el nostre barri"},"content":{"rendered":"<h4>Reporters La Vila<\/h4>\n<p>Els reporters de l&#8217;escola vam anar a visitar l&#8217;entorn de l&#8217;escola. L&#8217;objectiu era veure com estava el barri i parlar amb els nostres ve\u00efns. Hem trobat alguns aspectes que estan b\u00e9 per\u00f2 d&#8217;altres cal millorar-ho especialment en els carrers i les voreres i per l&#8217;incivisme dels propietaris del gossos de la zona. Podeu veure el reportatge:<\/p>\n<p><iframe loading=\"lazy\" title=\"TeleReporters La Vila inspeccionen el barri\" width=\"500\" height=\"281\" src=\"https:\/\/www.youtube.com\/embed\/WXk2xBtzcAk?feature=oembed\" frameborder=\"0\" allow=\"accelerometer; autoplay; clipboard-write; encrypted-media; gyroscope; picture-in-picture; web-share\" referrerpolicy=\"strict-origin-when-cross-origin\" allowfullscreen><\/iframe><\/p>\n","protected":false},"excerpt":{"rendered":"<p>Reporters La Vila<br \/>\nEls reporters de l&#8217;escola vam anar a visitar l&#8217;entorn de l&#8217;escola. L&#8217;objectiu era veure com estava el barri i parlar amb els nostres ve\u00efns. Hem trobat alguns aspectes que estan b\u00e9 per\u00f2 d&#8217;altres cal millorar-ho especialment en els carrers i les voreres i&hellip;  <a href=\"https:\/\/agora.xtec.cat\/escolalavilapalamos\/general\/visitem-el-nostre-barri\/\" title=\"Read Visitem el nostre barri\">Llegeix m\u00e9s\u00bb<\/a><\/p>\n","protected":false},"author":1,"featured_media":5533,"comment_status":"open","ping_status":"closed","sticky":false,"template":"","format":"standard","meta":{"_bbp_topic_count":0,"_bbp_reply_count":0,"_bbp_total_topic_count":0,"_bbp_total_reply_count":0,"_bbp_voice_count":0,"_bbp_anonymous_reply_count":0,"_bbp_topic_count_hidden":0,"_bbp_reply_count_hidden":0,"_bbp_forum_subforum_count":0,"footnotes":""},"categories":[128,1,4,5],"tags":[],"class_list":["post-5532","post","type-post","status-publish","format-standard","has-post-thumbnail","hentry","category-comunitat-de-grans","category-general","category-portada","category-primaria"],"post_mailing_queue_ids":[],"_links":{"self":[{"href":"https:\/\/agora.xtec.cat\/escolalavilapalamos\/wp-json\/wp\/v2\/posts\/5532","targetHints":{"allow":["GET"]}}],"collection":[{"href":"https:\/\/agora.xtec.cat\/escolalavilapalamos\/wp-json\/wp\/v2\/posts"}],"about":[{"href":"https:\/\/agora.xtec.cat\/escolalavilapalamos\/wp-json\/wp\/v2\/types\/post"}],"author":[{"embeddable":true,"href":"https:\/\/agora.xtec.cat\/escolalavilapalamos\/wp-json\/wp\/v2\/users\/1"}],"replies":[{"embeddable":true,"href":"https:\/\/agora.xtec.cat\/escolalavilapalamos\/wp-json\/wp\/v2\/comments?post=5532"}],"version-history":[{"count":1,"href":"https:\/\/agora.xtec.cat\/escolalavilapalamos\/wp-json\/wp\/v2\/posts\/5532\/revisions"}],"predecessor-version":[{"id":5534,"href":"https:\/\/agora.xtec.cat\/escolalavilapalamos\/wp-json\/wp\/v2\/posts\/5532\/revisions\/5534"}],"wp:featuredmedia":[{"embeddable":true,"href":"https:\/\/agora.xtec.cat\/escolalavilapalamos\/wp-json\/wp\/v2\/media\/5533"}],"wp:attachment":[{"href":"https:\/\/agora.xtec.cat\/escolalavilapalamos\/wp-json\/wp\/v2\/media?parent=5532"}],"wp:term":[{"taxonomy":"category","embeddable":true,"href":"https:\/\/agora.xtec.cat\/escolalavilapalamos\/wp-json\/wp\/v2\/categories?post=5532"},{"taxonomy":"post_tag","embeddable":true,"href":"https:\/\/agora.xtec.cat\/escolalavilapalamos\/wp-json\/wp\/v2\/tags?post=5532"}],"curies":[{"name":"wp","href":"https:\/\/api.w.org\/{rel}","templated":true}]}}