{"id":5517,"date":"2019-03-26T13:29:44","date_gmt":"2019-03-26T12:29:44","guid":{"rendered":"http:\/\/agora.xtec.cat\/escolalavilapalamos\/?p=5517"},"modified":"2019-03-26T13:29:44","modified_gmt":"2019-03-26T12:29:44","slug":"entrevistem-mestres-en-practiques","status":"publish","type":"post","link":"https:\/\/agora.xtec.cat\/escolalavilapalamos\/general\/entrevistem-mestres-en-practiques\/","title":{"rendered":"Entrevistem mestres en pr\u00e0ctiques"},"content":{"rendered":"<h4><a href=\"https:\/\/agora.xtec.cat\/escolalavilapalamos\/wp-content\/uploads\/usu897\/2019\/03\/P1220743.jpg\"><img loading=\"lazy\" decoding=\"async\" class=\"wp-image-5570 alignright\" src=\"https:\/\/agora.xtec.cat\/escolalavilapalamos\/wp-content\/uploads\/usu897\/2019\/03\/P1220743-1024x823.jpg\" alt=\"\" width=\"350\" height=\"282\" srcset=\"https:\/\/agora.xtec.cat\/escolalavilapalamos\/wp-content\/uploads\/usu897\/2019\/03\/P1220743-1024x823.jpg 1024w, https:\/\/agora.xtec.cat\/escolalavilapalamos\/wp-content\/uploads\/usu897\/2019\/03\/P1220743-300x241.jpg 300w, https:\/\/agora.xtec.cat\/escolalavilapalamos\/wp-content\/uploads\/usu897\/2019\/03\/P1220743-768x617.jpg 768w\" sizes=\"auto, (max-width: 350px) 100vw, 350px\" \/><\/a>Reporters La Vila<\/h4>\n<p>A l&#8217;escola han vingut alguns mestres en pr\u00e0ctiques. Estan a la universitat i aprenen a fer de mestres. El mes de mar\u00e7 han vingut la Maria, l&#8217;Abel, la Chantal i l&#8217; Alba. Els reporters els hem entrevistat.<\/p>\n<p>Entrevista a l&#8217;Abel<\/p>\n<ol>\n<li><strong>A quina universitat estudies?<\/strong> Estudio a la Universitat de Girona, concretament a la facultat de Psicologia i educaci\u00f3.<\/li>\n<\/ol>\n<p><strong>2. Quines assignatures fas?<\/strong> <span style=\"font-family: inherit; font-size: 1em;\">Estudio diverses assignatures com per exemple angl\u00e8s,catal\u00e0 i castell\u00e0, aprenentatge i desenvolupament de la personalitat i sociologia.<\/span><\/p>\n<p><strong>3. Perqu\u00e8 vols ser mestre?<\/strong> Perqu\u00e8 crec que l&#8217;educaci\u00f3 \u00e9s un \u00e0mbit molt important i rellevant a la nostra societat actual. Perqu\u00e8 m&#8217;agrada la interacci\u00f3 amb els petits i la relaci\u00f3 amb les persones. Crec que l&#8217;educaci\u00f3 \u00e9s el motor i el futur de la societat.<\/p>\n<p><strong>4. A quina escola anaves quan eres petit?<\/strong> A l&#8217;escola Vila-rom\u00e0.<\/p>\n<p><strong>5. De petit qu\u00e8 volies ser?<\/strong> A prim\u00e0ria no ho tenia gaire clar, pensava en alguna cosa relacionada amb els animals o l&#8217;esport. Cap al final de l&#8217;ESO vaig optar per ser mestre d&#8217;educaci\u00f3 f\u00edsica.<\/p>\n<p><strong>6. Vols ser mestre de l&#8217;ESO o d&#8217;una escola?<\/strong> D&#8217;escola.<\/p>\n<p><strong>7. Qu\u00e8 \u00e9s el que m\u00e9s t&#8217;agrada de ser mestre?<\/strong> El que m\u00e9s m&#8217;agrada \u00e9s poder acompanyar als nens i nenes en el seu cam\u00ed de l&#8217;aprenentatge i sentir-me part d&#8217;ell.<\/p>\n<p><iframe loading=\"lazy\" title=\"Mestres practicants\" width=\"500\" height=\"281\" src=\"https:\/\/www.youtube.com\/embed\/4nyn2Ay1bN0?feature=oembed\" frameborder=\"0\" allow=\"accelerometer; autoplay; clipboard-write; encrypted-media; gyroscope; picture-in-picture; web-share\" referrerpolicy=\"strict-origin-when-cross-origin\" allowfullscreen><\/iframe><\/p>\n<p>Entrevista a la Chantal<\/p>\n<ol>\n<li><strong>Com et dius?<\/strong> Chantal<\/li>\n<li><strong>Quants anys tens ?<\/strong> 18 anys<\/li>\n<li><strong>Per qu\u00e8 has triat aquest treball ?\u00a0<\/strong> Sempre m&#8217;ha agradat estar ambe els nens\/es.<\/li>\n<li><strong>Qu\u00e8 \u00e9s el que m\u00e9s t&#8217;agrada d&#8217;aquesta feina ?<\/strong> Estar amb els nens\/es i ensenyar. Les relacions humanes s\u00f3n molt importants.<\/li>\n<\/ol>\n<p>Entrevista a l&#8217;Alba<\/p>\n<ol>\n<li><strong>Per qu\u00e8 has vingut a La Vila a fer les pr\u00e0ctiques ?<\/strong> Per qu\u00e8 m&#8217;agrada molt com treballa aquesta escola.<\/li>\n<li><strong>D&#8217;on ets<\/strong> ? De Palam\u00f3s.<\/li>\n<li><strong>A quina universitat estudies ?<\/strong> A la Universitat de Girona.<\/li>\n<li><strong>Qu\u00e8 has hagut de fer per ser mestra ?<\/strong> Batxillerat i el grau superior de la universitat.<\/li>\n<li><strong>Quants anys s\u00f3n d&#8217;estudis ?<\/strong> 6 anys. Em falten 2 anys<\/li>\n<li><strong>Per qu\u00e8 vols ser mestra ?<\/strong> Sempre m&#8217;ha agradat ser mestra.<\/li>\n<\/ol>\n","protected":false},"excerpt":{"rendered":"<p><a href=\"https:\/\/agora.xtec.cat\/escolalavilapalamos\/wp-content\/uploads\/usu897\/2019\/03\/P1220743.jpg\"><\/a>Reporters La Vila<br \/>\nA l&#8217;escola han vingut alguns mestres en pr\u00e0ctiques. Estan a la universitat i aprenen a fer de mestres. El mes de mar\u00e7 han vingut la Maria, l&#8217;Abel, la Chantal i l&#8217; Alba. Els reporters els hem entrevistat.<br \/>\nEntrevista a l&#8217;Abel<\/p>\n<ol>\n<li>A quina universitat estudies?&hellip;  <a href=\"https:\/\/agora.xtec.cat\/escolalavilapalamos\/general\/entrevistem-mestres-en-practiques\/\" title=\"Read Entrevistem mestres en pr\u00e0ctiques\">Llegeix m\u00e9s\u00bb<\/a><br \/>\n","protected":false},"author":171,"featured_media":5570,"comment_status":"open","ping_status":"closed","sticky":false,"template":"","format":"standard","meta":{"_bbp_topic_count":0,"_bbp_reply_count":0,"_bbp_total_topic_count":0,"_bbp_total_reply_count":0,"_bbp_voice_count":0,"_bbp_anonymous_reply_count":0,"_bbp_topic_count_hidden":0,"_bbp_reply_count_hidden":0,"_bbp_forum_subforum_count":0,"footnotes":""},"categories":[1,4,5],"tags":[],"class_list":["post-5517","post","type-post","status-publish","format-standard","has-post-thumbnail","hentry","category-general","category-portada","category-primaria"],"post_mailing_queue_ids":[],"_links":{"self":[{"href":"https:\/\/agora.xtec.cat\/escolalavilapalamos\/wp-json\/wp\/v2\/posts\/5517","targetHints":{"allow":["GET"]}}],"collection":[{"href":"https:\/\/agora.xtec.cat\/escolalavilapalamos\/wp-json\/wp\/v2\/posts"}],"about":[{"href":"https:\/\/agora.xtec.cat\/escolalavilapalamos\/wp-json\/wp\/v2\/types\/post"}],"author":[{"embeddable":true,"href":"https:\/\/agora.xtec.cat\/escolalavilapalamos\/wp-json\/wp\/v2\/users\/171"}],"replies":[{"embeddable":true,"href":"https:\/\/agora.xtec.cat\/escolalavilapalamos\/wp-json\/wp\/v2\/comments?post=5517"}],"version-history":[{"count":4,"href":"https:\/\/agora.xtec.cat\/escolalavilapalamos\/wp-json\/wp\/v2\/posts\/5517\/revisions"}],"predecessor-version":[{"id":5584,"href":"https:\/\/agora.xtec.cat\/escolalavilapalamos\/wp-json\/wp\/v2\/posts\/5517\/revisions\/5584"}],"wp:featuredmedia":[{"embeddable":true,"href":"https:\/\/agora.xtec.cat\/escolalavilapalamos\/wp-json\/wp\/v2\/media\/5570"}],"wp:attachment":[{"href":"https:\/\/agora.xtec.cat\/escolalavilapalamos\/wp-json\/wp\/v2\/media?parent=5517"}],"wp:term":[{"taxonomy":"category","embeddable":true,"href":"https:\/\/agora.xtec.cat\/escolalavilapalamos\/wp-json\/wp\/v2\/categories?post=5517"},{"taxonomy":"post_tag","embeddable":true,"href":"https:\/\/agora.xtec.cat\/escolalavilapalamos\/wp-json\/wp\/v2\/tags?post=5517"}],"curies":[{"name":"wp","href":"https:\/\/api.w.org\/{rel}","templated":true}]}}