{"id":5494,"date":"2019-03-18T16:50:12","date_gmt":"2019-03-18T15:50:12","guid":{"rendered":"http:\/\/agora.xtec.cat\/escolalavilapalamos\/?p=5494"},"modified":"2019-03-18T17:13:13","modified_gmt":"2019-03-18T16:13:13","slug":"reimaginant-leducacio-amb-xavier-aragay","status":"publish","type":"post","link":"https:\/\/agora.xtec.cat\/escolalavilapalamos\/general\/reimaginant-leducacio-amb-xavier-aragay\/","title":{"rendered":"Reimaginant l&#8217;educaci\u00f3 amb Xavier Aragay"},"content":{"rendered":"<p><strong><a href=\"https:\/\/agora.xtec.cat\/escolalavilapalamos\/wp-content\/uploads\/usu897\/2019\/03\/Xerrada-27-de-mar\u00e7.jpg\"><img loading=\"lazy\" decoding=\"async\" class=\"wp-image-5495 alignleft\" src=\"https:\/\/agora.xtec.cat\/escolalavilapalamos\/wp-content\/uploads\/usu897\/2019\/03\/Xerrada-27-de-mar\u00e7.jpg\" alt=\"\" width=\"375\" height=\"509\" srcset=\"https:\/\/agora.xtec.cat\/escolalavilapalamos\/wp-content\/uploads\/usu897\/2019\/03\/Xerrada-27-de-mar\u00e7.jpg 479w, https:\/\/agora.xtec.cat\/escolalavilapalamos\/wp-content\/uploads\/usu897\/2019\/03\/Xerrada-27-de-mar\u00e7-221x300.jpg 221w\" sizes=\"auto, (max-width: 375px) 100vw, 375px\" \/><\/a>Reimaginant l&#8217;educaci\u00f3: mirades, actituds i tend\u00e8ncies internacionals<\/strong> a c\u00e0rrec de Xavier Aragay Tusell.<\/p>\n<p>Dimecres 27 de mar\u00e7 de 2019<\/p>\n<p>IES Puig Cargol de Sant Antoni de Calonge<\/p>\n<p>Hora: 20 h<\/p>\n<p>Us podeu descarregar <a href=\"https:\/\/drive.google.com\/file\/d\/1CCZqF3YwuGpnoHac-4NXWS9XUnADdhju\/view?usp=sharing\">la circular<\/a> i la <a href=\"https:\/\/drive.google.com\/file\/d\/1tKQP7aKo3RKxrF_D64w6k1rwkRSjL1b1\/view?usp=sharing\">nota informativa<\/a>.<\/p>\n","protected":false},"excerpt":{"rendered":"<p><a href=\"https:\/\/agora.xtec.cat\/escolalavilapalamos\/wp-content\/uploads\/usu897\/2019\/03\/Xerrada-27-de-mar\u00e7.jpg\"><\/a>Reimaginant l&#8217;educaci\u00f3: mirades, actituds i tend\u00e8ncies internacionals a c\u00e0rrec de Xavier Aragay Tusell.<br \/>\nDimecres 27 de mar\u00e7 de 2019<br \/>\nIES Puig Cargol de Sant Antoni de Calonge<br \/>\nHora: 20 h<br \/>\nUs podeu descarregar <a href=\"https:\/\/drive.google.com\/file\/d\/1CCZqF3YwuGpnoHac-4NXWS9XUnADdhju\/view?usp=sharing\">la circular<\/a> i la <a href=\"https:\/\/drive.google.com\/file\/d\/1tKQP7aKo3RKxrF_D64w6k1rwkRSjL1b1\/view?usp=sharing\">nota informativa<\/a>.<\/p>\n","protected":false},"author":1,"featured_media":5495,"comment_status":"open","ping_status":"closed","sticky":false,"template":"","format":"standard","meta":{"_bbp_topic_count":0,"_bbp_reply_count":0,"_bbp_total_topic_count":0,"_bbp_total_reply_count":0,"_bbp_voice_count":0,"_bbp_anonymous_reply_count":0,"_bbp_topic_count_hidden":0,"_bbp_reply_count_hidden":0,"_bbp_forum_subforum_count":0,"footnotes":""},"categories":[2,1,4,5],"tags":[],"class_list":["post-5494","post","type-post","status-publish","format-standard","has-post-thumbnail","hentry","category-infantil","category-general","category-portada","category-primaria"],"post_mailing_queue_ids":[],"_links":{"self":[{"href":"https:\/\/agora.xtec.cat\/escolalavilapalamos\/wp-json\/wp\/v2\/posts\/5494","targetHints":{"allow":["GET"]}}],"collection":[{"href":"https:\/\/agora.xtec.cat\/escolalavilapalamos\/wp-json\/wp\/v2\/posts"}],"about":[{"href":"https:\/\/agora.xtec.cat\/escolalavilapalamos\/wp-json\/wp\/v2\/types\/post"}],"author":[{"embeddable":true,"href":"https:\/\/agora.xtec.cat\/escolalavilapalamos\/wp-json\/wp\/v2\/users\/1"}],"replies":[{"embeddable":true,"href":"https:\/\/agora.xtec.cat\/escolalavilapalamos\/wp-json\/wp\/v2\/comments?post=5494"}],"version-history":[{"count":2,"href":"https:\/\/agora.xtec.cat\/escolalavilapalamos\/wp-json\/wp\/v2\/posts\/5494\/revisions"}],"predecessor-version":[{"id":5497,"href":"https:\/\/agora.xtec.cat\/escolalavilapalamos\/wp-json\/wp\/v2\/posts\/5494\/revisions\/5497"}],"wp:featuredmedia":[{"embeddable":true,"href":"https:\/\/agora.xtec.cat\/escolalavilapalamos\/wp-json\/wp\/v2\/media\/5495"}],"wp:attachment":[{"href":"https:\/\/agora.xtec.cat\/escolalavilapalamos\/wp-json\/wp\/v2\/media?parent=5494"}],"wp:term":[{"taxonomy":"category","embeddable":true,"href":"https:\/\/agora.xtec.cat\/escolalavilapalamos\/wp-json\/wp\/v2\/categories?post=5494"},{"taxonomy":"post_tag","embeddable":true,"href":"https:\/\/agora.xtec.cat\/escolalavilapalamos\/wp-json\/wp\/v2\/tags?post=5494"}],"curies":[{"name":"wp","href":"https:\/\/api.w.org\/{rel}","templated":true}]}}