{"id":5485,"date":"2019-03-26T11:05:44","date_gmt":"2019-03-26T10:05:44","guid":{"rendered":"http:\/\/agora.xtec.cat\/escolalavilapalamos\/?p=5485"},"modified":"2019-03-26T11:08:57","modified_gmt":"2019-03-26T10:08:57","slug":"dibuixem-un-robot","status":"publish","type":"post","link":"https:\/\/agora.xtec.cat\/escolalavilapalamos\/general\/dibuixem-un-robot\/","title":{"rendered":"Dibuixem un robot"},"content":{"rendered":"<p><img loading=\"lazy\" decoding=\"async\" class=\" wp-image-5506 alignright\" src=\"https:\/\/agora.xtec.cat\/escolalavilapalamos\/wp-content\/uploads\/usu897\/2019\/03\/Robot_Toon-14-e1446803490461.png\" alt=\"\" width=\"293\" height=\"257\" srcset=\"https:\/\/agora.xtec.cat\/escolalavilapalamos\/wp-content\/uploads\/usu897\/2019\/03\/Robot_Toon-14-e1446803490461.png 500w, https:\/\/agora.xtec.cat\/escolalavilapalamos\/wp-content\/uploads\/usu897\/2019\/03\/Robot_Toon-14-e1446803490461-300x263.png 300w\" sizes=\"auto, (max-width: 293px) 100vw, 293px\" \/><\/p>\n<p>Els nens i nenes de 1r de les escoles de Palam\u00f3s han de dibuixar un robot.<\/p>\n<p>Aquest curs 2018-19 hi ha un grup de rob\u00f2tica format per mestres de les escoles i l&#8217;institut del poble. El proper 23 de maig es far\u00e0 una jornada de rob\u00f2tica pels nens i nenes de 1r.<\/p>\n<p>Necessitem un logo per la jornada. per aquest motiu els alumnes de 1r estan fent dibuixos. Tenim grans artistes a les escoles. De cada centre triarem cinc dibuixos i de tots aquests triarem el logo a primers d&#8217;abril.<\/p>\n","protected":false},"excerpt":{"rendered":"<p>Els nens i nenes de 1r de les escoles de Palam\u00f3s han de dibuixar un robot.<br \/>\nAquest curs 2018-19 hi ha un grup de rob\u00f2tica format per mestres de les escoles i l&#8217;institut del poble. El proper 23 de maig es far\u00e0 una jornada de rob\u00f2tica&hellip;  <a href=\"https:\/\/agora.xtec.cat\/escolalavilapalamos\/general\/dibuixem-un-robot\/\" title=\"Read Dibuixem un robot\">Llegeix m\u00e9s\u00bb<\/a><\/p>\n","protected":false},"author":171,"featured_media":5506,"comment_status":"open","ping_status":"closed","sticky":false,"template":"","format":"standard","meta":{"_bbp_topic_count":0,"_bbp_reply_count":0,"_bbp_total_topic_count":0,"_bbp_total_reply_count":0,"_bbp_voice_count":0,"_bbp_anonymous_reply_count":0,"_bbp_topic_count_hidden":0,"_bbp_reply_count_hidden":0,"_bbp_forum_subforum_count":0,"footnotes":""},"categories":[127,1,4,5],"tags":[],"class_list":["post-5485","post","type-post","status-publish","format-standard","has-post-thumbnail","hentry","category-comunitat-de-mitjans","category-general","category-portada","category-primaria"],"post_mailing_queue_ids":[],"_links":{"self":[{"href":"https:\/\/agora.xtec.cat\/escolalavilapalamos\/wp-json\/wp\/v2\/posts\/5485","targetHints":{"allow":["GET"]}}],"collection":[{"href":"https:\/\/agora.xtec.cat\/escolalavilapalamos\/wp-json\/wp\/v2\/posts"}],"about":[{"href":"https:\/\/agora.xtec.cat\/escolalavilapalamos\/wp-json\/wp\/v2\/types\/post"}],"author":[{"embeddable":true,"href":"https:\/\/agora.xtec.cat\/escolalavilapalamos\/wp-json\/wp\/v2\/users\/171"}],"replies":[{"embeddable":true,"href":"https:\/\/agora.xtec.cat\/escolalavilapalamos\/wp-json\/wp\/v2\/comments?post=5485"}],"version-history":[{"count":3,"href":"https:\/\/agora.xtec.cat\/escolalavilapalamos\/wp-json\/wp\/v2\/posts\/5485\/revisions"}],"predecessor-version":[{"id":5580,"href":"https:\/\/agora.xtec.cat\/escolalavilapalamos\/wp-json\/wp\/v2\/posts\/5485\/revisions\/5580"}],"wp:featuredmedia":[{"embeddable":true,"href":"https:\/\/agora.xtec.cat\/escolalavilapalamos\/wp-json\/wp\/v2\/media\/5506"}],"wp:attachment":[{"href":"https:\/\/agora.xtec.cat\/escolalavilapalamos\/wp-json\/wp\/v2\/media?parent=5485"}],"wp:term":[{"taxonomy":"category","embeddable":true,"href":"https:\/\/agora.xtec.cat\/escolalavilapalamos\/wp-json\/wp\/v2\/categories?post=5485"},{"taxonomy":"post_tag","embeddable":true,"href":"https:\/\/agora.xtec.cat\/escolalavilapalamos\/wp-json\/wp\/v2\/tags?post=5485"}],"curies":[{"name":"wp","href":"https:\/\/api.w.org\/{rel}","templated":true}]}}