{"id":5457,"date":"2019-03-18T09:30:40","date_gmt":"2019-03-18T08:30:40","guid":{"rendered":"http:\/\/agora.xtec.cat\/escolalavilapalamos\/?p=5457"},"modified":"2019-03-18T09:47:30","modified_gmt":"2019-03-18T08:47:30","slug":"idalu-dels-alumnes-de-6e","status":"publish","type":"post","link":"https:\/\/agora.xtec.cat\/escolalavilapalamos\/general\/idalu-dels-alumnes-de-6e\/","title":{"rendered":"IDALU dels alumnes de 6\u00e8"},"content":{"rendered":"<p><strong><a href=\"https:\/\/agora.xtec.cat\/escolalavilapalamos\/wp-content\/uploads\/usu897\/2019\/03\/eso.jpg\"><img loading=\"lazy\" decoding=\"async\" class=\"wp-image-5461 alignright\" src=\"https:\/\/agora.xtec.cat\/escolalavilapalamos\/wp-content\/uploads\/usu897\/2019\/03\/eso.jpg\" alt=\"\" width=\"286\" height=\"286\" srcset=\"https:\/\/agora.xtec.cat\/escolalavilapalamos\/wp-content\/uploads\/usu897\/2019\/03\/eso.jpg 517w, https:\/\/agora.xtec.cat\/escolalavilapalamos\/wp-content\/uploads\/usu897\/2019\/03\/eso-150x150.jpg 150w, https:\/\/agora.xtec.cat\/escolalavilapalamos\/wp-content\/uploads\/usu897\/2019\/03\/eso-300x300.jpg 300w\" sizes=\"auto, (max-width: 286px) 100vw, 286px\" \/><\/a>Del divendres 29 de mar\u00e7 al dimarts 9 d&#8217;abril<\/strong> hi ha el per\u00edode de preinscripci\u00f3 escolar pel curs 2019-20.<\/p>\n<p>Els\/les alumnes de 6\u00e8 s&#8217;han de preinscriure a l&#8217;Educaci\u00f3 Secund\u00e0ria Obligat\u00f2ria (ESO). Per poder formalitzar la preinscripci\u00f3, necessiten el <strong><em>N\u00famero d&#8217;identificaci\u00f3 d&#8217;alumnes (IDALU)<\/em><\/strong><em>.<\/em> El certificat aporta el n\u00famero d&#8217;IDALU dels alumnes que caldr\u00e0 lliurar a l&#8217; institut on feu la preinscripci\u00f3.<\/p>\n<p>Us podeu descarregar la circular <a href=\"https:\/\/drive.google.com\/file\/d\/13tXtiYPx02EV4jN9Pm5tMIHBH6guBidh\/view?usp=sharing\">aqu\u00ed<\/a>.<\/p>\n<p>Per qualsevol dubte podeu consultar <a href=\"http:\/\/queestudiar.gencat.cat\/ca\">la web del Departament d&#8217;Educaci\u00f3<\/a>.<\/p>\n","protected":false},"excerpt":{"rendered":"<p><a href=\"https:\/\/agora.xtec.cat\/escolalavilapalamos\/wp-content\/uploads\/usu897\/2019\/03\/eso.jpg\"><\/a>Del divendres 29 de mar\u00e7 al dimarts 9 d&#8217;abril hi ha el per\u00edode de preinscripci\u00f3 escolar pel curs 2019-20.<br \/>\nEls\/les alumnes de 6\u00e8 s&#8217;han de preinscriure a l&#8217;Educaci\u00f3 Secund\u00e0ria Obligat\u00f2ria (ESO). Per poder formalitzar la preinscripci\u00f3, necessiten el N\u00famero d&#8217;identificaci\u00f3 d&#8217;alumnes (IDALU). El certificat aporta&hellip;  <a href=\"https:\/\/agora.xtec.cat\/escolalavilapalamos\/general\/idalu-dels-alumnes-de-6e\/\" title=\"Read IDALU dels alumnes de 6\u00e8\">Llegeix m\u00e9s\u00bb<\/a><\/p>\n","protected":false},"author":1,"featured_media":5461,"comment_status":"open","ping_status":"closed","sticky":false,"template":"","format":"standard","meta":{"_bbp_topic_count":0,"_bbp_reply_count":0,"_bbp_total_topic_count":0,"_bbp_total_reply_count":0,"_bbp_voice_count":0,"_bbp_anonymous_reply_count":0,"_bbp_topic_count_hidden":0,"_bbp_reply_count_hidden":0,"_bbp_forum_subforum_count":0,"footnotes":""},"categories":[128,1,4],"tags":[],"class_list":["post-5457","post","type-post","status-publish","format-standard","has-post-thumbnail","hentry","category-comunitat-de-grans","category-general","category-portada"],"post_mailing_queue_ids":[],"_links":{"self":[{"href":"https:\/\/agora.xtec.cat\/escolalavilapalamos\/wp-json\/wp\/v2\/posts\/5457","targetHints":{"allow":["GET"]}}],"collection":[{"href":"https:\/\/agora.xtec.cat\/escolalavilapalamos\/wp-json\/wp\/v2\/posts"}],"about":[{"href":"https:\/\/agora.xtec.cat\/escolalavilapalamos\/wp-json\/wp\/v2\/types\/post"}],"author":[{"embeddable":true,"href":"https:\/\/agora.xtec.cat\/escolalavilapalamos\/wp-json\/wp\/v2\/users\/1"}],"replies":[{"embeddable":true,"href":"https:\/\/agora.xtec.cat\/escolalavilapalamos\/wp-json\/wp\/v2\/comments?post=5457"}],"version-history":[{"count":2,"href":"https:\/\/agora.xtec.cat\/escolalavilapalamos\/wp-json\/wp\/v2\/posts\/5457\/revisions"}],"predecessor-version":[{"id":5464,"href":"https:\/\/agora.xtec.cat\/escolalavilapalamos\/wp-json\/wp\/v2\/posts\/5457\/revisions\/5464"}],"wp:featuredmedia":[{"embeddable":true,"href":"https:\/\/agora.xtec.cat\/escolalavilapalamos\/wp-json\/wp\/v2\/media\/5461"}],"wp:attachment":[{"href":"https:\/\/agora.xtec.cat\/escolalavilapalamos\/wp-json\/wp\/v2\/media?parent=5457"}],"wp:term":[{"taxonomy":"category","embeddable":true,"href":"https:\/\/agora.xtec.cat\/escolalavilapalamos\/wp-json\/wp\/v2\/categories?post=5457"},{"taxonomy":"post_tag","embeddable":true,"href":"https:\/\/agora.xtec.cat\/escolalavilapalamos\/wp-json\/wp\/v2\/tags?post=5457"}],"curies":[{"name":"wp","href":"https:\/\/api.w.org\/{rel}","templated":true}]}}