{"id":5452,"date":"2019-03-18T09:31:56","date_gmt":"2019-03-18T08:31:56","guid":{"rendered":"http:\/\/agora.xtec.cat\/escolalavilapalamos\/?p=5452"},"modified":"2019-03-18T09:31:56","modified_gmt":"2019-03-18T08:31:56","slug":"sortida-al-convent-de-sant-agusti-i-el-far","status":"publish","type":"post","link":"https:\/\/agora.xtec.cat\/escolalavilapalamos\/general\/sortida-al-convent-de-sant-agusti-i-el-far\/","title":{"rendered":"Sortida al convent de Sant Agust\u00ed i el Far"},"content":{"rendered":"<p>El dijous 14 de mar\u00e7 els nens i nenes de P5, dins el projecte de Palam\u00f3s, vam\u00a0 visitar dos espais importants de nostre poble: El\u00a0 convent de Sant Agust\u00ed i el Far. Vam gaudir del paisatge i vam aprendre moltes coses.<\/p>\n<p>A continuaci\u00f3 podeu veure les fotografies de la sortida clicant <a href=\"https:\/\/photos.app.goo.gl\/74A1cPUzSku4jPLo8\">aqu\u00ed.<\/a><\/p>\n<p><a href=\"https:\/\/agora.xtec.cat\/escolalavilapalamos\/wp-content\/uploads\/usu897\/2019\/03\/IMG-3567-1600x1200.jpg\"><img loading=\"lazy\" decoding=\"async\" class=\"alignnone  wp-image-5458\" src=\"https:\/\/agora.xtec.cat\/escolalavilapalamos\/wp-content\/uploads\/usu897\/2019\/03\/IMG-3567-1600x1200-1024x768.jpg\" alt=\"\" width=\"685\" height=\"514\" srcset=\"https:\/\/agora.xtec.cat\/escolalavilapalamos\/wp-content\/uploads\/usu897\/2019\/03\/IMG-3567-1600x1200-1024x768.jpg 1024w, https:\/\/agora.xtec.cat\/escolalavilapalamos\/wp-content\/uploads\/usu897\/2019\/03\/IMG-3567-1600x1200-300x225.jpg 300w, https:\/\/agora.xtec.cat\/escolalavilapalamos\/wp-content\/uploads\/usu897\/2019\/03\/IMG-3567-1600x1200-768x576.jpg 768w, https:\/\/agora.xtec.cat\/escolalavilapalamos\/wp-content\/uploads\/usu897\/2019\/03\/IMG-3567-1600x1200-200x150.jpg 200w, https:\/\/agora.xtec.cat\/escolalavilapalamos\/wp-content\/uploads\/usu897\/2019\/03\/IMG-3567-1600x1200.jpg 1600w\" sizes=\"auto, (max-width: 685px) 100vw, 685px\" \/><\/a><\/p>\n","protected":false},"excerpt":{"rendered":"<p>El dijous 14 de mar\u00e7 els nens i nenes de P5, dins el projecte de Palam\u00f3s, vam\u00a0 visitar dos espais importants de nostre poble: El\u00a0 convent de Sant Agust\u00ed i el Far. Vam gaudir del paisatge i vam aprendre moltes coses.<br \/>\nA continuaci\u00f3 podeu veure les&hellip;  <a href=\"https:\/\/agora.xtec.cat\/escolalavilapalamos\/general\/sortida-al-convent-de-sant-agusti-i-el-far\/\" title=\"Read Sortida al convent de Sant Agust\u00ed i el Far\">Llegeix m\u00e9s\u00bb<\/a><\/p>\n","protected":false},"author":128,"featured_media":5458,"comment_status":"open","ping_status":"closed","sticky":false,"template":"","format":"standard","meta":{"_bbp_topic_count":0,"_bbp_reply_count":0,"_bbp_total_topic_count":0,"_bbp_total_reply_count":0,"_bbp_voice_count":0,"_bbp_anonymous_reply_count":0,"_bbp_topic_count_hidden":0,"_bbp_reply_count_hidden":0,"_bbp_forum_subforum_count":0,"footnotes":""},"categories":[2,1,4],"tags":[],"class_list":["post-5452","post","type-post","status-publish","format-standard","has-post-thumbnail","hentry","category-infantil","category-general","category-portada"],"post_mailing_queue_ids":[],"_links":{"self":[{"href":"https:\/\/agora.xtec.cat\/escolalavilapalamos\/wp-json\/wp\/v2\/posts\/5452","targetHints":{"allow":["GET"]}}],"collection":[{"href":"https:\/\/agora.xtec.cat\/escolalavilapalamos\/wp-json\/wp\/v2\/posts"}],"about":[{"href":"https:\/\/agora.xtec.cat\/escolalavilapalamos\/wp-json\/wp\/v2\/types\/post"}],"author":[{"embeddable":true,"href":"https:\/\/agora.xtec.cat\/escolalavilapalamos\/wp-json\/wp\/v2\/users\/128"}],"replies":[{"embeddable":true,"href":"https:\/\/agora.xtec.cat\/escolalavilapalamos\/wp-json\/wp\/v2\/comments?post=5452"}],"version-history":[{"count":3,"href":"https:\/\/agora.xtec.cat\/escolalavilapalamos\/wp-json\/wp\/v2\/posts\/5452\/revisions"}],"predecessor-version":[{"id":5463,"href":"https:\/\/agora.xtec.cat\/escolalavilapalamos\/wp-json\/wp\/v2\/posts\/5452\/revisions\/5463"}],"wp:featuredmedia":[{"embeddable":true,"href":"https:\/\/agora.xtec.cat\/escolalavilapalamos\/wp-json\/wp\/v2\/media\/5458"}],"wp:attachment":[{"href":"https:\/\/agora.xtec.cat\/escolalavilapalamos\/wp-json\/wp\/v2\/media?parent=5452"}],"wp:term":[{"taxonomy":"category","embeddable":true,"href":"https:\/\/agora.xtec.cat\/escolalavilapalamos\/wp-json\/wp\/v2\/categories?post=5452"},{"taxonomy":"post_tag","embeddable":true,"href":"https:\/\/agora.xtec.cat\/escolalavilapalamos\/wp-json\/wp\/v2\/tags?post=5452"}],"curies":[{"name":"wp","href":"https:\/\/api.w.org\/{rel}","templated":true}]}}