{"id":5446,"date":"2019-03-27T09:52:29","date_gmt":"2019-03-27T08:52:29","guid":{"rendered":"http:\/\/agora.xtec.cat\/escolalavilapalamos\/?p=5446"},"modified":"2019-04-01T17:08:24","modified_gmt":"2019-04-01T15:08:24","slug":"entrevista-a-la-laia-deulofeu","status":"publish","type":"post","link":"https:\/\/agora.xtec.cat\/escolalavilapalamos\/general\/entrevista-a-la-laia-deulofeu\/","title":{"rendered":"Entrevista a la Laia Deulofeu"},"content":{"rendered":"<h4><strong>Reporters La Vila<\/strong><\/h4>\n<p>Aquesta tarda hem entrevistat a la Laia Deulofeu que fa pr\u00e0ctiques al menjador de l&#8217; escola .<\/p>\n<p><img loading=\"lazy\" decoding=\"async\" class=\"alignright wp-image-5586\" src=\"https:\/\/agora.xtec.cat\/escolalavilapalamos\/wp-content\/uploads\/usu897\/2019\/03\/entrevistaaaaaaaaaaaaaaaaaaaaaaaaaaaaaaaa-a-lba-i-maarrrrrrrrrrrrr-1024x576.jpg\" alt=\"\" width=\"397\" height=\"223\" srcset=\"https:\/\/agora.xtec.cat\/escolalavilapalamos\/wp-content\/uploads\/usu897\/2019\/03\/entrevistaaaaaaaaaaaaaaaaaaaaaaaaaaaaaaaa-a-lba-i-maarrrrrrrrrrrrr-1024x576.jpg 1024w, https:\/\/agora.xtec.cat\/escolalavilapalamos\/wp-content\/uploads\/usu897\/2019\/03\/entrevistaaaaaaaaaaaaaaaaaaaaaaaaaaaaaaaa-a-lba-i-maarrrrrrrrrrrrr-300x169.jpg 300w, https:\/\/agora.xtec.cat\/escolalavilapalamos\/wp-content\/uploads\/usu897\/2019\/03\/entrevistaaaaaaaaaaaaaaaaaaaaaaaaaaaaaaaa-a-lba-i-maarrrrrrrrrrrrr-768x432.jpg 768w, https:\/\/agora.xtec.cat\/escolalavilapalamos\/wp-content\/uploads\/usu897\/2019\/03\/entrevistaaaaaaaaaaaaaaaaaaaaaaaaaaaaaaaa-a-lba-i-maarrrrrrrrrrrrr.jpg 1391w\" sizes=\"auto, (max-width: 397px) 100vw, 397px\" \/><\/p>\n<p><strong>1. Quants anys tens ?<\/strong> 18 anys<\/p>\n<p><strong>2. Per qu\u00e8 fas pr\u00e0ctiques aqu\u00ed a l&#8217; escola ?<\/strong> Fa temps era una alumna de l&#8217; escola i he decidit fer pr\u00e0ctiques aqu\u00ed del curs de monitor de lleure.<\/p>\n<p><strong>3. Per qu\u00e8 vols treballar de monitora de menjador ? <\/strong>Perqu\u00e8 m&#8217;agraden molt els nens<\/p>\n<p><strong>4.Tens paci\u00e8ncia amb els nens? <\/strong>si , si en tinc per\u00f2 a vegades em costa.<\/p>\n<p><strong>5. On vius ? <\/strong>Viu a Palam\u00f3s<\/p>\n<p><strong>6. Qu\u00e8 t&#8217; agrada fer a la teva estona lliure ? <\/strong>Sortir amb les amigues, anar al cinema i m\u00e9s coses<\/p>\n<p><strong>7. T&#8217;agrada aquesta escola?<\/strong> S\u00ed, m&#8217; agrada molt. \u00c9s la meva escola des dels 3 anys.<\/p>\n<p><strong>8. Anir\u00e0s a la universitat ?<\/strong> Si, hi anir\u00e9 l&#8217; any vinent.<\/p>\n<p><strong>9. Qu\u00e8 vols estudiar?<\/strong> Vull estudiar mestra d&#8217; infantil i prim\u00e0ria<\/p>\n<p><strong>10. T&#8217; agradaria fer alguna extraescolar a l&#8217; escola ?<\/strong> Si funky<\/p>\n<p><iframe loading=\"lazy\" title=\"Laia Deulofeu\" width=\"500\" height=\"281\" src=\"https:\/\/www.youtube.com\/embed\/zC9GZQXMJaE?feature=oembed\" frameborder=\"0\" allow=\"accelerometer; autoplay; clipboard-write; encrypted-media; gyroscope; picture-in-picture; web-share\" referrerpolicy=\"strict-origin-when-cross-origin\" allowfullscreen><\/iframe><\/p>\n<p>Gr\u00e0cies per tot<\/p>\n","protected":false},"excerpt":{"rendered":"<p>Reporters La Vila<br \/>\nAquesta tarda hem entrevistat a la Laia Deulofeu que fa pr\u00e0ctiques al menjador de l&#8217; escola .<\/p>\n<p>1. Quants anys tens ? 18 anys<br \/>\n2. Per qu\u00e8 fas pr\u00e0ctiques aqu\u00ed a l&#8217; escola ? Fa temps era una alumna de l&#8217; escola i he decidit&hellip;  <a href=\"https:\/\/agora.xtec.cat\/escolalavilapalamos\/general\/entrevista-a-la-laia-deulofeu\/\" title=\"Read Entrevista a la Laia Deulofeu\">Llegeix m\u00e9s\u00bb<\/a><\/p>\n","protected":false},"author":171,"featured_media":5586,"comment_status":"open","ping_status":"closed","sticky":false,"template":"","format":"standard","meta":{"_bbp_topic_count":0,"_bbp_reply_count":0,"_bbp_total_topic_count":0,"_bbp_total_reply_count":0,"_bbp_voice_count":0,"_bbp_anonymous_reply_count":0,"_bbp_topic_count_hidden":0,"_bbp_reply_count_hidden":0,"_bbp_forum_subforum_count":0,"footnotes":""},"categories":[1,4,5],"tags":[],"class_list":["post-5446","post","type-post","status-publish","format-standard","has-post-thumbnail","hentry","category-general","category-portada","category-primaria"],"post_mailing_queue_ids":[],"_links":{"self":[{"href":"https:\/\/agora.xtec.cat\/escolalavilapalamos\/wp-json\/wp\/v2\/posts\/5446","targetHints":{"allow":["GET"]}}],"collection":[{"href":"https:\/\/agora.xtec.cat\/escolalavilapalamos\/wp-json\/wp\/v2\/posts"}],"about":[{"href":"https:\/\/agora.xtec.cat\/escolalavilapalamos\/wp-json\/wp\/v2\/types\/post"}],"author":[{"embeddable":true,"href":"https:\/\/agora.xtec.cat\/escolalavilapalamos\/wp-json\/wp\/v2\/users\/171"}],"replies":[{"embeddable":true,"href":"https:\/\/agora.xtec.cat\/escolalavilapalamos\/wp-json\/wp\/v2\/comments?post=5446"}],"version-history":[{"count":3,"href":"https:\/\/agora.xtec.cat\/escolalavilapalamos\/wp-json\/wp\/v2\/posts\/5446\/revisions"}],"predecessor-version":[{"id":5649,"href":"https:\/\/agora.xtec.cat\/escolalavilapalamos\/wp-json\/wp\/v2\/posts\/5446\/revisions\/5649"}],"wp:featuredmedia":[{"embeddable":true,"href":"https:\/\/agora.xtec.cat\/escolalavilapalamos\/wp-json\/wp\/v2\/media\/5586"}],"wp:attachment":[{"href":"https:\/\/agora.xtec.cat\/escolalavilapalamos\/wp-json\/wp\/v2\/media?parent=5446"}],"wp:term":[{"taxonomy":"category","embeddable":true,"href":"https:\/\/agora.xtec.cat\/escolalavilapalamos\/wp-json\/wp\/v2\/categories?post=5446"},{"taxonomy":"post_tag","embeddable":true,"href":"https:\/\/agora.xtec.cat\/escolalavilapalamos\/wp-json\/wp\/v2\/tags?post=5446"}],"curies":[{"name":"wp","href":"https:\/\/api.w.org\/{rel}","templated":true}]}}