{"id":5434,"date":"2019-03-11T15:54:24","date_gmt":"2019-03-11T14:54:24","guid":{"rendered":"http:\/\/agora.xtec.cat\/escolalavilapalamos\/?p=5434"},"modified":"2019-03-13T15:59:43","modified_gmt":"2019-03-13T14:59:43","slug":"carnaval-2019","status":"publish","type":"post","link":"https:\/\/agora.xtec.cat\/escolalavilapalamos\/general\/carnaval-2019\/","title":{"rendered":"Carnaval 2019"},"content":{"rendered":"<h4>Reportes La Vila<\/h4>\n<p>A l&#8217;escola La Vila hem celebrat el carnaval .<\/p>\n<p>Primer vam fer consignes. Dilluns: pijama, dimarts: pentinat divertit, dimecres: maquillatge i dijous disfressats de casa.<\/p>\n<p>El dijous per la tarda vam portar una disfressa i va venir una carrossa per ballar i divertir-nos .<\/p>\n<p>Algunes comunitats van fer tallers de m\u00e0scares. Els alumnes de 3r dijous al mat\u00ed van anar a la nau del 50 metres a fer un barret i van sortir a la rua infantil de Palam\u00f3s.<\/p>\n<p><iframe loading=\"lazy\" title=\"carnaval 2019\" width=\"500\" height=\"281\" src=\"https:\/\/www.youtube.com\/embed\/xn1Fr2weRCQ?feature=oembed\" frameborder=\"0\" allow=\"accelerometer; autoplay; clipboard-write; encrypted-media; gyroscope; picture-in-picture; web-share\" referrerpolicy=\"strict-origin-when-cross-origin\" allowfullscreen><\/iframe><\/p>\n","protected":false},"excerpt":{"rendered":"<p>Reportes La Vila<br \/>\nA l&#8217;escola La Vila hem celebrat el carnaval .<br \/>\nPrimer vam fer consignes. Dilluns: pijama, dimarts: pentinat divertit, dimecres: maquillatge i dijous disfressats de casa.<br \/>\nEl dijous per la tarda vam portar una disfressa i va venir una carrossa per ballar i divertir-nos .<br \/>\nAlgunes comunitats&hellip;  <a href=\"https:\/\/agora.xtec.cat\/escolalavilapalamos\/general\/carnaval-2019\/\" title=\"Read Carnaval 2019\">Llegeix m\u00e9s\u00bb<\/a><\/p>\n","protected":false},"author":171,"featured_media":5440,"comment_status":"open","ping_status":"closed","sticky":false,"template":"","format":"standard","meta":{"_bbp_topic_count":0,"_bbp_reply_count":0,"_bbp_total_topic_count":0,"_bbp_total_reply_count":0,"_bbp_voice_count":0,"_bbp_anonymous_reply_count":0,"_bbp_topic_count_hidden":0,"_bbp_reply_count_hidden":0,"_bbp_forum_subforum_count":0,"footnotes":""},"categories":[128,127,2,1,4,5],"tags":[],"class_list":["post-5434","post","type-post","status-publish","format-standard","has-post-thumbnail","hentry","category-comunitat-de-grans","category-comunitat-de-mitjans","category-infantil","category-general","category-portada","category-primaria"],"post_mailing_queue_ids":[],"_links":{"self":[{"href":"https:\/\/agora.xtec.cat\/escolalavilapalamos\/wp-json\/wp\/v2\/posts\/5434","targetHints":{"allow":["GET"]}}],"collection":[{"href":"https:\/\/agora.xtec.cat\/escolalavilapalamos\/wp-json\/wp\/v2\/posts"}],"about":[{"href":"https:\/\/agora.xtec.cat\/escolalavilapalamos\/wp-json\/wp\/v2\/types\/post"}],"author":[{"embeddable":true,"href":"https:\/\/agora.xtec.cat\/escolalavilapalamos\/wp-json\/wp\/v2\/users\/171"}],"replies":[{"embeddable":true,"href":"https:\/\/agora.xtec.cat\/escolalavilapalamos\/wp-json\/wp\/v2\/comments?post=5434"}],"version-history":[{"count":3,"href":"https:\/\/agora.xtec.cat\/escolalavilapalamos\/wp-json\/wp\/v2\/posts\/5434\/revisions"}],"predecessor-version":[{"id":5441,"href":"https:\/\/agora.xtec.cat\/escolalavilapalamos\/wp-json\/wp\/v2\/posts\/5434\/revisions\/5441"}],"wp:featuredmedia":[{"embeddable":true,"href":"https:\/\/agora.xtec.cat\/escolalavilapalamos\/wp-json\/wp\/v2\/media\/5440"}],"wp:attachment":[{"href":"https:\/\/agora.xtec.cat\/escolalavilapalamos\/wp-json\/wp\/v2\/media?parent=5434"}],"wp:term":[{"taxonomy":"category","embeddable":true,"href":"https:\/\/agora.xtec.cat\/escolalavilapalamos\/wp-json\/wp\/v2\/categories?post=5434"},{"taxonomy":"post_tag","embeddable":true,"href":"https:\/\/agora.xtec.cat\/escolalavilapalamos\/wp-json\/wp\/v2\/tags?post=5434"}],"curies":[{"name":"wp","href":"https:\/\/api.w.org\/{rel}","templated":true}]}}