{"id":5389,"date":"2019-03-13T16:16:32","date_gmt":"2019-03-13T15:16:32","guid":{"rendered":"http:\/\/agora.xtec.cat\/escolalavilapalamos\/?p=5389"},"modified":"2019-03-18T09:16:50","modified_gmt":"2019-03-18T08:16:50","slug":"els-tallers-del-dentista","status":"publish","type":"post","link":"https:\/\/agora.xtec.cat\/escolalavilapalamos\/general\/els-tallers-del-dentista\/","title":{"rendered":"Els tallers del dentista"},"content":{"rendered":"<h4>Reporters La Vila<\/h4>\n<p>El dentista vindr\u00e0 diferents dies a l&#8217;escola a donar-nos informaci\u00f3 de salut sobre les dents. Tots els nens faran xerrades diferents. El dentista \u00e9s de l&#8217;hospital de Palam\u00f3s.<a href=\"https:\/\/agora.xtec.cat\/escolalavilapalamos\/wp-content\/uploads\/usu897\/2019\/03\/mejor-amigo-de-los-dientes-59692162.jpg\"><img loading=\"lazy\" decoding=\"async\" class=\"wp-image-5408 aligncenter\" src=\"https:\/\/agora.xtec.cat\/escolalavilapalamos\/wp-content\/uploads\/usu897\/2019\/03\/mejor-amigo-de-los-dientes-59692162-1024x752.jpg\" alt=\"\" width=\"356\" height=\"261\" srcset=\"https:\/\/agora.xtec.cat\/escolalavilapalamos\/wp-content\/uploads\/usu897\/2019\/03\/mejor-amigo-de-los-dientes-59692162-1024x752.jpg 1024w, https:\/\/agora.xtec.cat\/escolalavilapalamos\/wp-content\/uploads\/usu897\/2019\/03\/mejor-amigo-de-los-dientes-59692162-300x220.jpg 300w, https:\/\/agora.xtec.cat\/escolalavilapalamos\/wp-content\/uploads\/usu897\/2019\/03\/mejor-amigo-de-los-dientes-59692162-768x564.jpg 768w, https:\/\/agora.xtec.cat\/escolalavilapalamos\/wp-content\/uploads\/usu897\/2019\/03\/mejor-amigo-de-los-dientes-59692162.jpg 1300w\" sizes=\"auto, (max-width: 356px) 100vw, 356px\" \/><\/a>Els dies que vindran s\u00f3n: dimecres 27 de mar\u00e7 a 3r: Activitat <em>Un dia al dentista<\/em>.<\/p>\n<p>Dijous 28 de mar\u00e7 a 2n: Activitat <em>Taller de raspallada.<\/em><\/p>\n<p>Divendres 29 de mar\u00e7 a 1r: Activitat <em>Taller de raspallada<\/em>.<\/p>\n<p>Dimecres 10 d&#8217;abril a 4t: Activitat <em>Un dia al dentista<\/em>.<\/p>\n<p>Dijous 11 d&#8217;abril a 5\u00e8: Activitat <em>Boca sana<\/em>.<\/p>\n<p>Divendres 12 d&#8217;abril a 6\u00e8: Activitat Boca sana.<\/p>\n<p>Aqu\u00ed us deixem una web per jugar al <a href=\"http:\/\/espaiescoles.farmaceuticonline.com\/ca\/6-8-anys\/448-caries\">Joc de les c\u00e0ries<\/a><\/p>\n<p>&nbsp;<\/p>\n<p>&nbsp;<\/p>\n","protected":false},"excerpt":{"rendered":"<p>Reporters La Vila<br \/>\nEl dentista vindr\u00e0 diferents dies a l&#8217;escola a donar-nos informaci\u00f3 de salut sobre les dents. Tots els nens faran xerrades diferents. El dentista \u00e9s de l&#8217;hospital de Palam\u00f3s.<a href=\"https:\/\/agora.xtec.cat\/escolalavilapalamos\/wp-content\/uploads\/usu897\/2019\/03\/mejor-amigo-de-los-dientes-59692162.jpg\"><\/a>Els dies que vindran s\u00f3n: dimecres 27 de mar\u00e7 a 3r: Activitat Un dia al&hellip;  <a href=\"https:\/\/agora.xtec.cat\/escolalavilapalamos\/general\/els-tallers-del-dentista\/\" title=\"Read Els tallers del dentista\">Llegeix m\u00e9s\u00bb<\/a><\/p>\n","protected":false},"author":171,"featured_media":5435,"comment_status":"open","ping_status":"closed","sticky":false,"template":"","format":"standard","meta":{"_bbp_topic_count":0,"_bbp_reply_count":0,"_bbp_total_topic_count":0,"_bbp_total_reply_count":0,"_bbp_voice_count":0,"_bbp_anonymous_reply_count":0,"_bbp_topic_count_hidden":0,"_bbp_reply_count_hidden":0,"_bbp_forum_subforum_count":0,"footnotes":""},"categories":[128,127,1,4,5],"tags":[],"class_list":["post-5389","post","type-post","status-publish","format-standard","has-post-thumbnail","hentry","category-comunitat-de-grans","category-comunitat-de-mitjans","category-general","category-portada","category-primaria"],"post_mailing_queue_ids":[],"_links":{"self":[{"href":"https:\/\/agora.xtec.cat\/escolalavilapalamos\/wp-json\/wp\/v2\/posts\/5389","targetHints":{"allow":["GET"]}}],"collection":[{"href":"https:\/\/agora.xtec.cat\/escolalavilapalamos\/wp-json\/wp\/v2\/posts"}],"about":[{"href":"https:\/\/agora.xtec.cat\/escolalavilapalamos\/wp-json\/wp\/v2\/types\/post"}],"author":[{"embeddable":true,"href":"https:\/\/agora.xtec.cat\/escolalavilapalamos\/wp-json\/wp\/v2\/users\/171"}],"replies":[{"embeddable":true,"href":"https:\/\/agora.xtec.cat\/escolalavilapalamos\/wp-json\/wp\/v2\/comments?post=5389"}],"version-history":[{"count":4,"href":"https:\/\/agora.xtec.cat\/escolalavilapalamos\/wp-json\/wp\/v2\/posts\/5389\/revisions"}],"predecessor-version":[{"id":5445,"href":"https:\/\/agora.xtec.cat\/escolalavilapalamos\/wp-json\/wp\/v2\/posts\/5389\/revisions\/5445"}],"wp:featuredmedia":[{"embeddable":true,"href":"https:\/\/agora.xtec.cat\/escolalavilapalamos\/wp-json\/wp\/v2\/media\/5435"}],"wp:attachment":[{"href":"https:\/\/agora.xtec.cat\/escolalavilapalamos\/wp-json\/wp\/v2\/media?parent=5389"}],"wp:term":[{"taxonomy":"category","embeddable":true,"href":"https:\/\/agora.xtec.cat\/escolalavilapalamos\/wp-json\/wp\/v2\/categories?post=5389"},{"taxonomy":"post_tag","embeddable":true,"href":"https:\/\/agora.xtec.cat\/escolalavilapalamos\/wp-json\/wp\/v2\/tags?post=5389"}],"curies":[{"name":"wp","href":"https:\/\/api.w.org\/{rel}","templated":true}]}}