{"id":5388,"date":"2019-03-12T19:25:01","date_gmt":"2019-03-12T18:25:01","guid":{"rendered":"http:\/\/agora.xtec.cat\/escolalavilapalamos\/?p=5388"},"modified":"2019-03-13T13:06:58","modified_gmt":"2019-03-13T12:06:58","slug":"eleccions-sindicals-a-lescola","status":"publish","type":"post","link":"https:\/\/agora.xtec.cat\/escolalavilapalamos\/general\/eleccions-sindicals-a-lescola\/","title":{"rendered":"Eleccions sindicals a l&#8217;escola"},"content":{"rendered":"<h4><a href=\"https:\/\/agora.xtec.cat\/escolalavilapalamos\/wp-content\/uploads\/usu897\/2019\/03\/P1220703-Desktop-Resolution.jpg\"><img loading=\"lazy\" decoding=\"async\" class=\"wp-image-5398 alignright\" src=\"https:\/\/agora.xtec.cat\/escolalavilapalamos\/wp-content\/uploads\/usu897\/2019\/03\/P1220703-Desktop-Resolution-1024x768.jpg\" alt=\"\" width=\"419\" height=\"315\" srcset=\"https:\/\/agora.xtec.cat\/escolalavilapalamos\/wp-content\/uploads\/usu897\/2019\/03\/P1220703-Desktop-Resolution.jpg 1024w, https:\/\/agora.xtec.cat\/escolalavilapalamos\/wp-content\/uploads\/usu897\/2019\/03\/P1220703-Desktop-Resolution-300x225.jpg 300w, https:\/\/agora.xtec.cat\/escolalavilapalamos\/wp-content\/uploads\/usu897\/2019\/03\/P1220703-Desktop-Resolution-768x576.jpg 768w, https:\/\/agora.xtec.cat\/escolalavilapalamos\/wp-content\/uploads\/usu897\/2019\/03\/P1220703-Desktop-Resolution-200x150.jpg 200w\" sizes=\"auto, (max-width: 419px) 100vw, 419px\" \/><\/a>Reporters La Vila<\/h4>\n<p>El dimarts 12 de mar\u00e7 a l&#8217;Escola La Vila hi ha hagut <strong>eleccions sindicals<\/strong> dels mestres. Els docents de les escoles de Palam\u00f3s i Vall-llobrega escullen els seus representants sindicals.<\/p>\n<p>Els sindicats que es presenten per lluitar pels drets dels mestres s\u00f3n: Intersindical CSC, USTEC-STES, UGT, CCOO i ASPEPC-SPS.<\/p>\n<p>Hi ha 197 mestres electors de les escoles p\u00fabliques Els \u00c0ngels, La Vila, Vila-Rom\u00e0 i Vall-llobrega i l&#8217;institut de Palam\u00f3s. La participaci\u00f3 ha estat de 78 mestres (39&#8217;6%).<\/p>\n<p>El resultat a la Mesa 20 ha estat: Intersindical CSC\u00a0 8 vots, USTEC-STES\u00a0 50 vots, UGT\u00a0 2 vots, CCOO\u00a0 11 vots i ASPEPC-SPS\u00a0 5 vots.<\/p>\n<p>Podeu veure aqu\u00ed tots <a href=\"https:\/\/aplicacions.gestioeducativa.gencat.cat\/e13_ese_res\/resultats.html\">els resultats de les eleccions sindicals<\/a>.<\/p>\n","protected":false},"excerpt":{"rendered":"<p><a href=\"https:\/\/agora.xtec.cat\/escolalavilapalamos\/wp-content\/uploads\/usu897\/2019\/03\/P1220703-Desktop-Resolution.jpg\"><\/a>Reporters La Vila<br \/>\nEl dimarts 12 de mar\u00e7 a l&#8217;Escola La Vila hi ha hagut eleccions sindicals dels mestres. Els docents de les escoles de Palam\u00f3s i Vall-llobrega escullen els seus representants sindicals.<br \/>\nEls sindicats que es presenten per lluitar pels drets dels mestres s\u00f3n: Intersindical&hellip;  <a href=\"https:\/\/agora.xtec.cat\/escolalavilapalamos\/general\/eleccions-sindicals-a-lescola\/\" title=\"Read Eleccions sindicals a l&#8217;escola\">Llegeix m\u00e9s\u00bb<\/a><\/p>\n","protected":false},"author":171,"featured_media":5398,"comment_status":"open","ping_status":"closed","sticky":false,"template":"","format":"standard","meta":{"_bbp_topic_count":0,"_bbp_reply_count":0,"_bbp_total_topic_count":0,"_bbp_total_reply_count":0,"_bbp_voice_count":0,"_bbp_anonymous_reply_count":0,"_bbp_topic_count_hidden":0,"_bbp_reply_count_hidden":0,"_bbp_forum_subforum_count":0,"footnotes":""},"categories":[1,4,5],"tags":[],"class_list":["post-5388","post","type-post","status-publish","format-standard","has-post-thumbnail","hentry","category-general","category-portada","category-primaria"],"post_mailing_queue_ids":[],"_links":{"self":[{"href":"https:\/\/agora.xtec.cat\/escolalavilapalamos\/wp-json\/wp\/v2\/posts\/5388","targetHints":{"allow":["GET"]}}],"collection":[{"href":"https:\/\/agora.xtec.cat\/escolalavilapalamos\/wp-json\/wp\/v2\/posts"}],"about":[{"href":"https:\/\/agora.xtec.cat\/escolalavilapalamos\/wp-json\/wp\/v2\/types\/post"}],"author":[{"embeddable":true,"href":"https:\/\/agora.xtec.cat\/escolalavilapalamos\/wp-json\/wp\/v2\/users\/171"}],"replies":[{"embeddable":true,"href":"https:\/\/agora.xtec.cat\/escolalavilapalamos\/wp-json\/wp\/v2\/comments?post=5388"}],"version-history":[{"count":5,"href":"https:\/\/agora.xtec.cat\/escolalavilapalamos\/wp-json\/wp\/v2\/posts\/5388\/revisions"}],"predecessor-version":[{"id":5429,"href":"https:\/\/agora.xtec.cat\/escolalavilapalamos\/wp-json\/wp\/v2\/posts\/5388\/revisions\/5429"}],"wp:featuredmedia":[{"embeddable":true,"href":"https:\/\/agora.xtec.cat\/escolalavilapalamos\/wp-json\/wp\/v2\/media\/5398"}],"wp:attachment":[{"href":"https:\/\/agora.xtec.cat\/escolalavilapalamos\/wp-json\/wp\/v2\/media?parent=5388"}],"wp:term":[{"taxonomy":"category","embeddable":true,"href":"https:\/\/agora.xtec.cat\/escolalavilapalamos\/wp-json\/wp\/v2\/categories?post=5388"},{"taxonomy":"post_tag","embeddable":true,"href":"https:\/\/agora.xtec.cat\/escolalavilapalamos\/wp-json\/wp\/v2\/tags?post=5388"}],"curies":[{"name":"wp","href":"https:\/\/api.w.org\/{rel}","templated":true}]}}