{"id":5387,"date":"2019-03-13T13:02:33","date_gmt":"2019-03-13T12:02:33","guid":{"rendered":"http:\/\/agora.xtec.cat\/escolalavilapalamos\/?p=5387"},"modified":"2019-06-07T16:42:28","modified_gmt":"2019-06-07T14:42:28","slug":"la-festa-de-larbre-a-lescola","status":"publish","type":"post","link":"https:\/\/agora.xtec.cat\/escolalavilapalamos\/general\/la-festa-de-larbre-a-lescola\/","title":{"rendered":"La festa de l&#8217;arbre a l&#8217;escola"},"content":{"rendered":"<p><img loading=\"lazy\" decoding=\"async\" class=\"alignnone wp-image-5394 alignleft\" src=\"https:\/\/agora.xtec.cat\/escolalavilapalamos\/wp-content\/uploads\/usu897\/2019\/03\/fcb3420949a48947442f139328c4ef4f.png\" alt=\"\" width=\"287\" height=\"172\" srcset=\"https:\/\/agora.xtec.cat\/escolalavilapalamos\/wp-content\/uploads\/usu897\/2019\/03\/fcb3420949a48947442f139328c4ef4f.png 328w, https:\/\/agora.xtec.cat\/escolalavilapalamos\/wp-content\/uploads\/usu897\/2019\/03\/fcb3420949a48947442f139328c4ef4f-300x180.png 300w\" sizes=\"auto, (max-width: 287px) 100vw, 287px\" \/><\/p>\n<h4>Reporters La Vila<\/h4>\n<p>L&#8217;\u00c0rea de Medi Ambient de l&#8217;Ajuntament de Palam\u00f3s organitza l<strong>a Festa de l&#8217;arbre <\/strong>el proper divendres 15 de mar\u00e7 al mat\u00ed. Enguany la plantada de l&#8217;arbre es fa\u00a0 <a href=\"https:\/\/www.google.es\/maps\/place\/Escola+La+Vila\/@41.8498868,3.132645,206m\/data=!3m1!1e3!4m5!3m4!1s0x12bbaae480e1b157:0x3108d2b99572af81!8m2!3d41.8496197!4d3.132577\">al pati de baix de la nostra escola<\/a>.<\/p>\n<p>Hi participa tota la mainada de P5, 1r i 2n de totes les escoles del poble i alumnes de P2 de les llars d&#8217;infants. La festa comen\u00e7ar\u00e0 a les 10:00h i acabar\u00e0 a les 11:30h. Plantaran: 2 <a href=\"https:\/\/ca.wikipedia.org\/wiki\/Olivera\">oliveres<\/a>, 3 <a href=\"https:\/\/ca.wikipedia.org\/wiki\/Ametller\">atmetllers<\/a>, 2 <a href=\"https:\/\/ca.wikipedia.org\/wiki\/Mandariner\">mandariners<\/a>, 4 <a href=\"https:\/\/ca.wikipedia.org\/wiki\/Magraner\">magraners<\/a>, 9 <a href=\"https:\/\/es.wikipedia.org\/wiki\/Morus_alba\">moreres<\/a>, 6 <a href=\"https:\/\/ca.wikipedia.org\/wiki\/Arbre_de_l%27amor\">arbres de l&#8217;amor<\/a> i 6 <a href=\"https:\/\/ca.wikipedia.org\/wiki\/Quercus\">quercus .<\/a><\/p>\n<p>Per acabar l&#8217;acte en <a href=\"http:\/\/www.jorditonietti.com\/\">Jordi Tonieti<\/a> far\u00e0 un espectacle i cantar\u00e0 can\u00e7ons amb la guitarra.<\/p>\n<p><img loading=\"lazy\" decoding=\"async\" class=\"wp-image-5390 alignright\" src=\"https:\/\/agora.xtec.cat\/escolalavilapalamos\/wp-content\/uploads\/usu897\/2019\/03\/Carmen.png\" alt=\"\" width=\"284\" height=\"182\" srcset=\"https:\/\/agora.xtec.cat\/escolalavilapalamos\/wp-content\/uploads\/usu897\/2019\/03\/Carmen.png 932w, https:\/\/agora.xtec.cat\/escolalavilapalamos\/wp-content\/uploads\/usu897\/2019\/03\/Carmen-300x192.png 300w, https:\/\/agora.xtec.cat\/escolalavilapalamos\/wp-content\/uploads\/usu897\/2019\/03\/Carmen-768x491.png 768w\" sizes=\"auto, (max-width: 284px) 100vw, 284px\" \/><\/p>\n<p>&nbsp;<\/p>\n<p>Dimarts 5 de mar\u00e7 els nens i nenes de 1r fan xerrades i tallers de medi ambient on es treballa la plantada de l&#8217;arbre i conceptes com el reciclatge i el respecte per la natura.<\/p>\n<p>Properament podreu veure tota la festa i les fotos de la plantada a la web.<\/p>\n<p>Aqu\u00ed podeu veure com es prepara la Festa de l&#8217;arbre:<\/p>\n<p><iframe loading=\"lazy\" title=\"la preparacio de la festa de l arbre 1\" width=\"500\" height=\"281\" src=\"https:\/\/www.youtube.com\/embed\/NZvOvF2ZADU?feature=oembed\" frameborder=\"0\" allow=\"accelerometer; autoplay; clipboard-write; encrypted-media; gyroscope; picture-in-picture; web-share\" referrerpolicy=\"strict-origin-when-cross-origin\" allowfullscreen><\/iframe><\/p>\n<p>&nbsp;<\/p>\n<p>&nbsp;<\/p>\n","protected":false},"excerpt":{"rendered":"<p>Reporters La Vila<br \/>\nL&#8217;\u00c0rea de Medi Ambient de l&#8217;Ajuntament de Palam\u00f3s organitza la Festa de l&#8217;arbre el proper divendres 15 de mar\u00e7 al mat\u00ed. Enguany la plantada de l&#8217;arbre es fa\u00a0 <a href=\"https:\/\/www.google.es\/maps\/place\/Escola+La+Vila\/@41.8498868,3.132645,206m\/data=!3m1!1e3!4m5!3m4!1s0x12bbaae480e1b157:0x3108d2b99572af81!8m2!3d41.8496197!4d3.132577\">al pati de baix de la nostra escola<\/a>.<br \/>\nHi participa tota la mainada de P5,&hellip;  <a href=\"https:\/\/agora.xtec.cat\/escolalavilapalamos\/general\/la-festa-de-larbre-a-lescola\/\" title=\"Read La festa de l&#8217;arbre a l&#8217;escola\">Llegeix m\u00e9s\u00bb<\/a><\/p>\n","protected":false},"author":171,"featured_media":5395,"comment_status":"open","ping_status":"closed","sticky":false,"template":"","format":"standard","meta":{"_bbp_topic_count":0,"_bbp_reply_count":0,"_bbp_total_topic_count":0,"_bbp_total_reply_count":0,"_bbp_voice_count":0,"_bbp_anonymous_reply_count":0,"_bbp_topic_count_hidden":0,"_bbp_reply_count_hidden":0,"_bbp_forum_subforum_count":0,"footnotes":""},"categories":[127,2,123,1,4,5],"tags":[],"class_list":["post-5387","post","type-post","status-publish","format-standard","has-post-thumbnail","hentry","category-comunitat-de-mitjans","category-infantil","category-patis","category-general","category-portada","category-primaria"],"post_mailing_queue_ids":[],"_links":{"self":[{"href":"https:\/\/agora.xtec.cat\/escolalavilapalamos\/wp-json\/wp\/v2\/posts\/5387","targetHints":{"allow":["GET"]}}],"collection":[{"href":"https:\/\/agora.xtec.cat\/escolalavilapalamos\/wp-json\/wp\/v2\/posts"}],"about":[{"href":"https:\/\/agora.xtec.cat\/escolalavilapalamos\/wp-json\/wp\/v2\/types\/post"}],"author":[{"embeddable":true,"href":"https:\/\/agora.xtec.cat\/escolalavilapalamos\/wp-json\/wp\/v2\/users\/171"}],"replies":[{"embeddable":true,"href":"https:\/\/agora.xtec.cat\/escolalavilapalamos\/wp-json\/wp\/v2\/comments?post=5387"}],"version-history":[{"count":4,"href":"https:\/\/agora.xtec.cat\/escolalavilapalamos\/wp-json\/wp\/v2\/posts\/5387\/revisions"}],"predecessor-version":[{"id":5598,"href":"https:\/\/agora.xtec.cat\/escolalavilapalamos\/wp-json\/wp\/v2\/posts\/5387\/revisions\/5598"}],"wp:featuredmedia":[{"embeddable":true,"href":"https:\/\/agora.xtec.cat\/escolalavilapalamos\/wp-json\/wp\/v2\/media\/5395"}],"wp:attachment":[{"href":"https:\/\/agora.xtec.cat\/escolalavilapalamos\/wp-json\/wp\/v2\/media?parent=5387"}],"wp:term":[{"taxonomy":"category","embeddable":true,"href":"https:\/\/agora.xtec.cat\/escolalavilapalamos\/wp-json\/wp\/v2\/categories?post=5387"},{"taxonomy":"post_tag","embeddable":true,"href":"https:\/\/agora.xtec.cat\/escolalavilapalamos\/wp-json\/wp\/v2\/tags?post=5387"}],"curies":[{"name":"wp","href":"https:\/\/api.w.org\/{rel}","templated":true}]}}