{"id":5227,"date":"2019-02-26T11:57:39","date_gmt":"2019-02-26T10:57:39","guid":{"rendered":"http:\/\/agora.xtec.cat\/escolalavilapalamos\/?p=5227"},"modified":"2019-02-26T16:29:13","modified_gmt":"2019-02-26T15:29:13","slug":"cantata-musical-dels-alumnes-de-1r","status":"publish","type":"post","link":"https:\/\/agora.xtec.cat\/escolalavilapalamos\/portada\/cantata-musical-dels-alumnes-de-1r\/","title":{"rendered":"Cantata musical dels alumnes de 1r"},"content":{"rendered":"<div class=\"entry-content\">\n<p><strong><a href=\"https:\/\/agora.xtec.cat\/escolalavilapalamos\/wp-content\/uploads\/usu897\/2019\/02\/P1070904-640x480.jpg\"><img loading=\"lazy\" decoding=\"async\" class=\" wp-image-5228 alignright\" src=\"https:\/\/agora.xtec.cat\/escolalavilapalamos\/wp-content\/uploads\/usu897\/2019\/02\/P1070904-640x480.jpg\" alt=\"\" width=\"419\" height=\"314\" srcset=\"https:\/\/agora.xtec.cat\/escolalavilapalamos\/wp-content\/uploads\/usu897\/2019\/02\/P1070904-640x480.jpg 640w, https:\/\/agora.xtec.cat\/escolalavilapalamos\/wp-content\/uploads\/usu897\/2019\/02\/P1070904-640x480-300x225.jpg 300w, https:\/\/agora.xtec.cat\/escolalavilapalamos\/wp-content\/uploads\/usu897\/2019\/02\/P1070904-640x480-200x150.jpg 200w\" sizes=\"auto, (max-width: 419px) 100vw, 419px\" \/><\/a>Dissabte 16 de mar\u00e7 a les 17:30 h<\/strong> es celebra la <strong>XXIV Mostra de corals infantils i juvenils de Palam\u00f3s<\/strong><em>.<br \/>\n<\/em><\/p>\n<p>Sota el gui\u00f3 i la direcci\u00f3 dels mestres de m\u00fasica de les escoles de prim\u00e0ria de Palam\u00f3s, els alumnes dels grups de 1r protagonitzaran aquesta trobada de corals escolars que tindr\u00e0 una durada de 60 minuts.<\/p>\n<p><strong>Els alumnes dels grups-classe A cantaran a les 17:30 h i els grups-classe B a les 18:30 h<\/strong><\/p>\n<p>A partir del <strong>dimarts 26 de febrer<\/strong> us fem arribar 2 entrades per cada nen\/nena. Si en necessiteu m\u00e9s les podeu demanar a la taquilla el mateix dia 16 de mar\u00e7. S\u00f3n entrades gratu\u00eftes.<br \/>\nNecessitem que vinguin tots els nens i nenes perqu\u00e8 els agradar\u00e0 molt pujar dalt l&#8217;escenari a cantar i formar part d&#8217;aquest espectacle.Us hi esperem a tots !!!<\/p>\n<p>Acompanyament: professors de m\u00fasica de l&#8217;Aula Musical de La Vila<\/p>\n<p>Organitza: Joventuts Musicals de Palam\u00f3s.<\/p>\n<p>M\u00e9s informaci\u00f3 a la <a href=\"http:\/\/www.palamos.cat\/\">web de l\u2019Ajuntament de Palam\u00f3s<\/a> i a la circular de la cantata<\/p>\n<\/div>\n","protected":false},"excerpt":{"rendered":"<p><a href=\"https:\/\/agora.xtec.cat\/escolalavilapalamos\/wp-content\/uploads\/usu897\/2019\/02\/P1070904-640x480.jpg\"><\/a>Dissabte 16 de mar\u00e7 a les 17:30 h es celebra la XXIV Mostra de corals infantils i juvenils de Palam\u00f3s.<\/p>\n<p>Sota el gui\u00f3 i la direcci\u00f3 dels mestres de m\u00fasica de les escoles de prim\u00e0ria de Palam\u00f3s, els alumnes dels grups de 1r protagonitzaran aquesta&hellip;  <a href=\"https:\/\/agora.xtec.cat\/escolalavilapalamos\/portada\/cantata-musical-dels-alumnes-de-1r\/\" title=\"Read Cantata musical dels alumnes de 1r\">Llegeix m\u00e9s\u00bb<\/a><\/p>\n","protected":false},"author":1,"featured_media":5228,"comment_status":"open","ping_status":"closed","sticky":false,"template":"","format":"standard","meta":{"_bbp_topic_count":0,"_bbp_reply_count":0,"_bbp_total_topic_count":0,"_bbp_total_reply_count":0,"_bbp_voice_count":0,"_bbp_anonymous_reply_count":0,"_bbp_topic_count_hidden":0,"_bbp_reply_count_hidden":0,"_bbp_forum_subforum_count":0,"footnotes":""},"categories":[127,68,4,5],"tags":[],"class_list":["post-5227","post","type-post","status-publish","format-standard","has-post-thumbnail","hentry","category-comunitat-de-mitjans","category-musica","category-portada","category-primaria"],"post_mailing_queue_ids":[],"_links":{"self":[{"href":"https:\/\/agora.xtec.cat\/escolalavilapalamos\/wp-json\/wp\/v2\/posts\/5227","targetHints":{"allow":["GET"]}}],"collection":[{"href":"https:\/\/agora.xtec.cat\/escolalavilapalamos\/wp-json\/wp\/v2\/posts"}],"about":[{"href":"https:\/\/agora.xtec.cat\/escolalavilapalamos\/wp-json\/wp\/v2\/types\/post"}],"author":[{"embeddable":true,"href":"https:\/\/agora.xtec.cat\/escolalavilapalamos\/wp-json\/wp\/v2\/users\/1"}],"replies":[{"embeddable":true,"href":"https:\/\/agora.xtec.cat\/escolalavilapalamos\/wp-json\/wp\/v2\/comments?post=5227"}],"version-history":[{"count":1,"href":"https:\/\/agora.xtec.cat\/escolalavilapalamos\/wp-json\/wp\/v2\/posts\/5227\/revisions"}],"predecessor-version":[{"id":5229,"href":"https:\/\/agora.xtec.cat\/escolalavilapalamos\/wp-json\/wp\/v2\/posts\/5227\/revisions\/5229"}],"wp:featuredmedia":[{"embeddable":true,"href":"https:\/\/agora.xtec.cat\/escolalavilapalamos\/wp-json\/wp\/v2\/media\/5228"}],"wp:attachment":[{"href":"https:\/\/agora.xtec.cat\/escolalavilapalamos\/wp-json\/wp\/v2\/media?parent=5227"}],"wp:term":[{"taxonomy":"category","embeddable":true,"href":"https:\/\/agora.xtec.cat\/escolalavilapalamos\/wp-json\/wp\/v2\/categories?post=5227"},{"taxonomy":"post_tag","embeddable":true,"href":"https:\/\/agora.xtec.cat\/escolalavilapalamos\/wp-json\/wp\/v2\/tags?post=5227"}],"curies":[{"name":"wp","href":"https:\/\/api.w.org\/{rel}","templated":true}]}}