{"id":5129,"date":"2019-02-21T16:25:56","date_gmt":"2019-02-21T15:25:56","guid":{"rendered":"http:\/\/agora.xtec.cat\/escolalavilapalamos\/?p=5129"},"modified":"2019-02-25T08:31:58","modified_gmt":"2019-02-25T07:31:58","slug":"carnaval-a-lescola","status":"publish","type":"post","link":"https:\/\/agora.xtec.cat\/escolalavilapalamos\/general\/carnaval-a-lescola\/","title":{"rendered":"Carnaval a l&#8217;escola"},"content":{"rendered":"<h5><a href=\"https:\/\/agora.xtec.cat\/escolalavilapalamos\/wp-content\/uploads\/usu897\/2019\/02\/Presentacio\u0301-2019.jpg\"><img loading=\"lazy\" decoding=\"async\" class=\"wp-image-5130 alignleft\" src=\"https:\/\/agora.xtec.cat\/escolalavilapalamos\/wp-content\/uploads\/usu897\/2019\/02\/Presentacio\u0301-2019-711x1024.jpg\" alt=\"\" width=\"312\" height=\"449\" srcset=\"https:\/\/agora.xtec.cat\/escolalavilapalamos\/wp-content\/uploads\/usu897\/2019\/02\/Presentacio\u0301-2019-711x1024.jpg 711w, https:\/\/agora.xtec.cat\/escolalavilapalamos\/wp-content\/uploads\/usu897\/2019\/02\/Presentacio\u0301-2019-208x300.jpg 208w, https:\/\/agora.xtec.cat\/escolalavilapalamos\/wp-content\/uploads\/usu897\/2019\/02\/Presentacio\u0301-2019-768x1106.jpg 768w, https:\/\/agora.xtec.cat\/escolalavilapalamos\/wp-content\/uploads\/usu897\/2019\/02\/Presentacio\u0301-2019.jpg 1722w\" sizes=\"auto, (max-width: 312px) 100vw, 312px\" \/><\/a><\/h5>\n<p>Divendres 22 de febrer arriba a la nostra escola el preg\u00f3 d\u2019en Carnestoltes, el rei dels poca-soltes, i ens informa de les consignes que hem de complir els propers dies:<\/p>\n<p><strong>&#8211; Dilluns 25 de febrer: Pijama<\/strong><\/p>\n<p><strong>&#8211; Dimarts 26 de febrer: Un pentinat extravagant i divertit<br \/>\n<\/strong><\/p>\n<p><strong>&#8211; Dimecres 27 de febrer: Maquillatge (res de m\u00e0scares)<br \/>\n<\/strong><\/p>\n<p><strong>&#8211; Dijous 28 de febrer: al mat\u00ed vestits normal i a\u00a0<b>la tarda es pot venir amb la\u00a0<\/b><b>disfressa que es vulgui<\/b>. Els nens\/es de menjador hauran de portar la disfressa en una bossa de pl\u00e0stic.<br \/>\n<\/strong><\/p>\n<p>El dijous al mat\u00ed els alumnes de 3r participen en la Festa de carnaval de la Nau dels 50m i a la Rua Infantil de Palam\u00f3s.<\/p>\n<p>La tarda de Dijous Gras, 28 de febrer, farem la festa de Carnaval al pati. Menjarem coca de llardons i coca de sucre i ens vindr\u00e0 a veure <em>una colla d&#8217;animaci\u00f3<\/em>.<\/p>\n<h5><strong>Recordeu que divendres 1 i dilluns 4 de mar\u00e7 s\u00f3n festius per ser dies de lliure disposici\u00f3.<br \/>\n<\/strong><\/h5>\n<p><iframe loading=\"lazy\" src=\"\/\/www.youtube.com\/embed\/Hu7CAOp6MLE\" width=\"560\" height=\"314\" allowfullscreen=\"allowfullscreen\"><\/iframe><\/p>\n<p>Els dies festius de Carnaval l&#8217;AMPA organitza casal a l&#8217;escola. Informaci\u00f3 del casal<\/p>\n<p>No us perdeu totes les activitats del Carnaval de Palam\u00f3s. Del 23 de febrer al 6 de mar\u00e7. Tota la informaci\u00f3 a <a href=\"http:\/\/carnavaldepalamos.cat\/\">la web de la comissi\u00f3 del carnaval<\/a><a href=\"http:\/\/carnavaldepalamos.com\/\">. <\/a>Tamb\u00e9 ho podeu seguir per <a href=\"https:\/\/twitter.com\/palamoscarnaval?lang=ca\">twitter<\/a>.<\/p>\n<p>Podeu gaudir de les activitats de <a href=\"http:\/\/www.edu365.cat\/carnaval\/index.htm\">carnaval de l&#8217;edu365.cat<\/a>.<\/p>\n<h3>Bon Carnaval a tothom !!!<\/h3>\n","protected":false},"excerpt":{"rendered":"<p><a href=\"https:\/\/agora.xtec.cat\/escolalavilapalamos\/wp-content\/uploads\/usu897\/2019\/02\/Presentacio\u0301-2019.jpg\"><\/a><br \/>\nDivendres 22 de febrer arriba a la nostra escola el preg\u00f3 d\u2019en Carnestoltes, el rei dels poca-soltes, i ens informa de les consignes que hem de complir els propers dies:<br \/>\n&#8211; Dilluns 25 de febrer: Pijama<br \/>\n&#8211; Dimarts 26 de febrer: Un pentinat extravagant i divertit<\/p>\n<p>&#8211;&hellip;  <a href=\"https:\/\/agora.xtec.cat\/escolalavilapalamos\/general\/carnaval-a-lescola\/\" title=\"Read Carnaval a l&#8217;escola\">Llegeix m\u00e9s\u00bb<\/a><\/p>\n","protected":false},"author":1,"featured_media":5130,"comment_status":"open","ping_status":"closed","sticky":false,"template":"","format":"standard","meta":{"_bbp_topic_count":0,"_bbp_reply_count":0,"_bbp_total_topic_count":0,"_bbp_total_reply_count":0,"_bbp_voice_count":0,"_bbp_anonymous_reply_count":0,"_bbp_topic_count_hidden":0,"_bbp_reply_count_hidden":0,"_bbp_forum_subforum_count":0,"footnotes":""},"categories":[128,127,2,1,4,5],"tags":[],"class_list":["post-5129","post","type-post","status-publish","format-standard","has-post-thumbnail","hentry","category-comunitat-de-grans","category-comunitat-de-mitjans","category-infantil","category-general","category-portada","category-primaria"],"post_mailing_queue_ids":[],"_links":{"self":[{"href":"https:\/\/agora.xtec.cat\/escolalavilapalamos\/wp-json\/wp\/v2\/posts\/5129","targetHints":{"allow":["GET"]}}],"collection":[{"href":"https:\/\/agora.xtec.cat\/escolalavilapalamos\/wp-json\/wp\/v2\/posts"}],"about":[{"href":"https:\/\/agora.xtec.cat\/escolalavilapalamos\/wp-json\/wp\/v2\/types\/post"}],"author":[{"embeddable":true,"href":"https:\/\/agora.xtec.cat\/escolalavilapalamos\/wp-json\/wp\/v2\/users\/1"}],"replies":[{"embeddable":true,"href":"https:\/\/agora.xtec.cat\/escolalavilapalamos\/wp-json\/wp\/v2\/comments?post=5129"}],"version-history":[{"count":3,"href":"https:\/\/agora.xtec.cat\/escolalavilapalamos\/wp-json\/wp\/v2\/posts\/5129\/revisions"}],"predecessor-version":[{"id":5160,"href":"https:\/\/agora.xtec.cat\/escolalavilapalamos\/wp-json\/wp\/v2\/posts\/5129\/revisions\/5160"}],"wp:featuredmedia":[{"embeddable":true,"href":"https:\/\/agora.xtec.cat\/escolalavilapalamos\/wp-json\/wp\/v2\/media\/5130"}],"wp:attachment":[{"href":"https:\/\/agora.xtec.cat\/escolalavilapalamos\/wp-json\/wp\/v2\/media?parent=5129"}],"wp:term":[{"taxonomy":"category","embeddable":true,"href":"https:\/\/agora.xtec.cat\/escolalavilapalamos\/wp-json\/wp\/v2\/categories?post=5129"},{"taxonomy":"post_tag","embeddable":true,"href":"https:\/\/agora.xtec.cat\/escolalavilapalamos\/wp-json\/wp\/v2\/tags?post=5129"}],"curies":[{"name":"wp","href":"https:\/\/api.w.org\/{rel}","templated":true}]}}