{"id":5095,"date":"2019-02-27T10:30:26","date_gmt":"2019-02-27T09:30:26","guid":{"rendered":"http:\/\/agora.xtec.cat\/escolalavilapalamos\/?p=5095"},"modified":"2019-03-06T17:10:05","modified_gmt":"2019-03-06T16:10:05","slug":"dissenyem-espais-virtuals","status":"publish","type":"post","link":"https:\/\/agora.xtec.cat\/escolalavilapalamos\/general\/dissenyem-espais-virtuals\/","title":{"rendered":"Dissenyem espais virtuals"},"content":{"rendered":"<h4>Reporters La Vila<\/h4>\n<p>La nostra escola ha particip<a href=\"http:\/\/toolbox.mobileworldcapital.com\/UploadImages\/ExperiencePhotos\/2857\/5c5602aeef5ea6.73903317.png\" rel=\"gallery-885\"><img loading=\"lazy\" decoding=\"async\" class=\"alignright\" src=\"http:\/\/toolbox.mobileworldcapital.com\/UploadImages\/ExperiencePhotos\/2857\/5c5602aeef5ea6.73903317.png?1549140654\" alt=\"\" width=\"376\" height=\"211\" \/><\/a>at en el concurs del <a href=\"http:\/\/mschools.mobileworldcapital.com\/ca\/iniciatives\/mobile-learning-awards\/\"><strong>Mobile Learning Awards del 2019<\/strong><\/a>. La Merc\u00e8 Vil\u00e0 de la comunitat de grans i l\u2019\u00e0rea TAC de l\u2019escola ha presentat l\u2019experi\u00e8ncia de realitat virtual i en l\u2019\u00fas dels chromebooks en el treball per projectes a l\u2019aula.<\/p>\n<p><strong>Dissenyem Espais Virtuals<\/strong> \u00e9s una experi\u00e8ncia innovadora que s\u2019adre\u00e7a a l\u2019alumnat d\u2019educaci\u00f3 prim\u00e0ria de 4t, 5\u00e8 i 6\u00e8 combinant joc, tecnologia immersiva, creativitat i treball en grup.<\/p>\n<div>\n<div>\n<div><a href=\"https:\/\/agora.xtec.cat\/escolalavilapalamos\/wp-content\/uploads\/usu897\/2019\/02\/5c5605482f6272.22707920.jpg\"><img loading=\"lazy\" decoding=\"async\" class=\"wp-image-5323 alignleft\" src=\"https:\/\/agora.xtec.cat\/escolalavilapalamos\/wp-content\/uploads\/usu897\/2019\/02\/5c5605482f6272.22707920-1024x768.jpg\" alt=\"\" width=\"342\" height=\"257\" srcset=\"https:\/\/agora.xtec.cat\/escolalavilapalamos\/wp-content\/uploads\/usu897\/2019\/02\/5c5605482f6272.22707920-1024x768.jpg 1024w, https:\/\/agora.xtec.cat\/escolalavilapalamos\/wp-content\/uploads\/usu897\/2019\/02\/5c5605482f6272.22707920-300x225.jpg 300w, https:\/\/agora.xtec.cat\/escolalavilapalamos\/wp-content\/uploads\/usu897\/2019\/02\/5c5605482f6272.22707920-768x576.jpg 768w, https:\/\/agora.xtec.cat\/escolalavilapalamos\/wp-content\/uploads\/usu897\/2019\/02\/5c5605482f6272.22707920-200x150.jpg 200w\" sizes=\"auto, (max-width: 342px) 100vw, 342px\" \/><\/a><\/div>\n<div><\/div>\n<div>En aquest espai d\u2019aprenentatge participen 15 alumnes treballant en multigrau, de manera que es pot atendre la diversitat i respectar els diferents ritmes i estils d\u2019aprenentatge.<\/div>\n<div><\/div>\n<div>Partint de la idea que el joc pot ser un bon recurs per treballar continguts curriculars de l\u2019\u00e0rea de coneixemereaci\u00f3 pr\u00f2pia sobre monuments. A partir d&#8217;aquests, els alumes creen imatges interactives i visualitzen els monuments treballats a trav\u00e9s d&#8217;una ruta virtual creada amb l&#8217;aplicaci\u00f3 RoundMe, introdu\u00efnt-se d\u2019aquesta manera en una experi\u00e8ncia immersiva.<\/div>\n<div><\/div>\n<div>La segona part de l\u2019espai d\u2019aprenentatge anomenada \u201cDissenyem espais en 3D\u201d va m\u00e9s enll\u00e0 proposant que siguin els nens i les nenes els creadors dels seus propis espais en 3 dimensions amb el programa \u201cCoSpaces Edu\u201d, familiaritzant-se aix\u00ed amb alguns conceptes clau sobre la realitat virtual: escenaris, objectes 3D, llenguatge blockly\u2026 cada grup dissenya el seu espai de manera lliure i creativa, que es comparteix amb la resta de companys.<\/div>\n<div><\/div>\n<div>\u201cDissenyem Espais Virtuals\u201d permet explorar, experimentar i con\u00e8ixer l\u2019\u00fas de diferents recursos digitals tot potenciant la creativitat, la motivaci\u00f3 i el treball en grup a trav\u00e9s d\u2019activitats agradables amb les que els alumnes puguin col\u00b7laborar, compartir i aprendre.<\/div>\n<\/div>\n<\/div>\n<div class=\"span4 experiencia-sidebar\">\n<div class=\"experiencia-sidebar-blocks co_authors\">\n<div class=\"span8\">\n<div class=\"main-experiencia\">\n<div class=\"\">\n<div class=\"mini-thumb-exp\"><a href=\"http:\/\/toolbox.mobileworldcapital.com\/UploadImages\/ExperiencePhotos\/2857\/5c5602aeef5ea6.73903317.png\" rel=\"gallery-885\">\u00a0<\/a><\/div>\n<\/div>\n<div><\/div>\n<div class=\"pasapas\">M\u00e9s informaci\u00f3 <a href=\"http:\/\/toolbox.mobileworldcapital.com\/experiencia\/dissenyem-espais-virtuals\/885\">aqu\u00ed<\/a><\/div>\n<\/div>\n<\/div>\n<\/div>\n<\/div>\n<div><\/div>\n<div class=\"span4 experiencia-sidebar\">\n<div class=\"experiencia-sidebar-blocks co_authors\">\n<div class=\"span4 experiencia-sidebar\">\n<div class=\"experiencia-sidebar-blocks co_authors\">\n<div class=\"co_author\">\n<div class=\"thumb-expert-co_author\"><\/div>\n<h4><\/h4>\n<\/div>\n<\/div>\n<\/div>\n<\/div>\n<div class=\"experiencia-sidebar-blocks block-teach-area\">\n<div><\/div>\n<\/div>\n<\/div>\n","protected":false},"excerpt":{"rendered":"<p>Reporters La Vila<br \/>\nLa nostra escola ha particip<a href=\"http:\/\/toolbox.mobileworldcapital.com\/UploadImages\/ExperiencePhotos\/2857\/5c5602aeef5ea6.73903317.png\" rel=\"gallery-885\"><\/a>at en el concurs del <a href=\"http:\/\/mschools.mobileworldcapital.com\/ca\/iniciatives\/mobile-learning-awards\/\">Mobile Learning Awards del 2019<\/a>. La Merc\u00e8 Vil\u00e0 de la comunitat de grans i l\u2019\u00e0rea TAC de l\u2019escola ha presentat l\u2019experi\u00e8ncia de realitat virtual i en l\u2019\u00fas dels chromebooks en el&hellip;  <a href=\"https:\/\/agora.xtec.cat\/escolalavilapalamos\/general\/dissenyem-espais-virtuals\/\" title=\"Read Dissenyem espais virtuals\">Llegeix m\u00e9s\u00bb<\/a><\/p>\n","protected":false},"author":171,"featured_media":5325,"comment_status":"open","ping_status":"closed","sticky":false,"template":"","format":"standard","meta":{"_bbp_topic_count":0,"_bbp_reply_count":0,"_bbp_total_topic_count":0,"_bbp_total_reply_count":0,"_bbp_voice_count":0,"_bbp_anonymous_reply_count":0,"_bbp_topic_count_hidden":0,"_bbp_reply_count_hidden":0,"_bbp_forum_subforum_count":0,"footnotes":""},"categories":[128,1,4,5],"tags":[],"class_list":["post-5095","post","type-post","status-publish","format-standard","has-post-thumbnail","hentry","category-comunitat-de-grans","category-general","category-portada","category-primaria"],"post_mailing_queue_ids":[],"_links":{"self":[{"href":"https:\/\/agora.xtec.cat\/escolalavilapalamos\/wp-json\/wp\/v2\/posts\/5095","targetHints":{"allow":["GET"]}}],"collection":[{"href":"https:\/\/agora.xtec.cat\/escolalavilapalamos\/wp-json\/wp\/v2\/posts"}],"about":[{"href":"https:\/\/agora.xtec.cat\/escolalavilapalamos\/wp-json\/wp\/v2\/types\/post"}],"author":[{"embeddable":true,"href":"https:\/\/agora.xtec.cat\/escolalavilapalamos\/wp-json\/wp\/v2\/users\/171"}],"replies":[{"embeddable":true,"href":"https:\/\/agora.xtec.cat\/escolalavilapalamos\/wp-json\/wp\/v2\/comments?post=5095"}],"version-history":[{"count":3,"href":"https:\/\/agora.xtec.cat\/escolalavilapalamos\/wp-json\/wp\/v2\/posts\/5095\/revisions"}],"predecessor-version":[{"id":5327,"href":"https:\/\/agora.xtec.cat\/escolalavilapalamos\/wp-json\/wp\/v2\/posts\/5095\/revisions\/5327"}],"wp:featuredmedia":[{"embeddable":true,"href":"https:\/\/agora.xtec.cat\/escolalavilapalamos\/wp-json\/wp\/v2\/media\/5325"}],"wp:attachment":[{"href":"https:\/\/agora.xtec.cat\/escolalavilapalamos\/wp-json\/wp\/v2\/media?parent=5095"}],"wp:term":[{"taxonomy":"category","embeddable":true,"href":"https:\/\/agora.xtec.cat\/escolalavilapalamos\/wp-json\/wp\/v2\/categories?post=5095"},{"taxonomy":"post_tag","embeddable":true,"href":"https:\/\/agora.xtec.cat\/escolalavilapalamos\/wp-json\/wp\/v2\/tags?post=5095"}],"curies":[{"name":"wp","href":"https:\/\/api.w.org\/{rel}","templated":true}]}}