{"id":5093,"date":"2019-02-25T12:35:03","date_gmt":"2019-02-25T11:35:03","guid":{"rendered":"http:\/\/agora.xtec.cat\/escolalavilapalamos\/?p=5093"},"modified":"2019-02-28T09:00:20","modified_gmt":"2019-02-28T08:00:20","slug":"portes-obertes-a-linstitut-de-palamos-2","status":"publish","type":"post","link":"https:\/\/agora.xtec.cat\/escolalavilapalamos\/general\/portes-obertes-a-linstitut-de-palamos-2\/","title":{"rendered":"Portes Obertes a l&#8217;institut de Palam\u00f3s"},"content":{"rendered":"<p><span style=\"font-family: inherit; font-size: 1em;\"><a href=\"https:\/\/agora.xtec.cat\/escolalavilapalamos\/wp-content\/uploads\/usu897\/2019\/02\/107972-1.jpg\"><img loading=\"lazy\" decoding=\"async\" class=\"wp-image-5112 alignright\" src=\"https:\/\/agora.xtec.cat\/escolalavilapalamos\/wp-content\/uploads\/usu897\/2019\/02\/107972-1.jpg\" alt=\"\" width=\"284\" height=\"213\" srcset=\"https:\/\/agora.xtec.cat\/escolalavilapalamos\/wp-content\/uploads\/usu897\/2019\/02\/107972-1.jpg 500w, https:\/\/agora.xtec.cat\/escolalavilapalamos\/wp-content\/uploads\/usu897\/2019\/02\/107972-1-300x225.jpg 300w, https:\/\/agora.xtec.cat\/escolalavilapalamos\/wp-content\/uploads\/usu897\/2019\/02\/107972-1-200x150.jpg 200w\" sizes=\"auto, (max-width: 284px) 100vw, 284px\" \/><\/a>El\u00a0 <strong>dimarts 26 de febrer<\/strong> al mat\u00ed els\/les alumnes de 6\u00e8 aniran a la <strong>jornada de portes obertes de l&#8217;institut de Palam\u00f3s<\/strong>.<\/span><\/p>\n<p>Aquest any les portes obertes de l&#8217;institut es fan una mica diferent. Els nois i noies de 1r d&#8217;ESO com exalumnes de La Vila els faran el recorregut pel centre, faran una gimcama i esmorzaran plegats. Mireu les fotos <a href=\"https:\/\/photos.app.goo.gl\/qhQepUo8MJWDjYYE9\">aqu\u00ed<\/a><\/p>\n<p><a href=\"https:\/\/agora.xtec.cat\/escolalavilapalamos\/wp-content\/uploads\/usu897\/2019\/02\/WhatsApp-Image-2019-02-26-at-13.24.54.jpeg\"><img loading=\"lazy\" decoding=\"async\" class=\"wp-image-5320 aligncenter\" src=\"https:\/\/agora.xtec.cat\/escolalavilapalamos\/wp-content\/uploads\/usu897\/2019\/02\/WhatsApp-Image-2019-02-26-at-13.24.54-1024x768.jpeg\" alt=\"\" width=\"408\" height=\"306\" srcset=\"https:\/\/agora.xtec.cat\/escolalavilapalamos\/wp-content\/uploads\/usu897\/2019\/02\/WhatsApp-Image-2019-02-26-at-13.24.54-1024x768.jpeg 1024w, https:\/\/agora.xtec.cat\/escolalavilapalamos\/wp-content\/uploads\/usu897\/2019\/02\/WhatsApp-Image-2019-02-26-at-13.24.54-300x225.jpeg 300w, https:\/\/agora.xtec.cat\/escolalavilapalamos\/wp-content\/uploads\/usu897\/2019\/02\/WhatsApp-Image-2019-02-26-at-13.24.54-768x576.jpeg 768w, https:\/\/agora.xtec.cat\/escolalavilapalamos\/wp-content\/uploads\/usu897\/2019\/02\/WhatsApp-Image-2019-02-26-at-13.24.54-200x150.jpeg 200w, https:\/\/agora.xtec.cat\/escolalavilapalamos\/wp-content\/uploads\/usu897\/2019\/02\/WhatsApp-Image-2019-02-26-at-13.24.54.jpeg 1600w\" sizes=\"auto, (max-width: 408px) 100vw, 408px\" \/><\/a><\/p>\n<p>Les portes obertes de l&#8217;IES Palam\u00f3s per les fam\u00edlies s\u00f3n el proper dimarts 12 de mar\u00e7 a la tarda.<\/p>\n","protected":false},"excerpt":{"rendered":"<p><a href=\"https:\/\/agora.xtec.cat\/escolalavilapalamos\/wp-content\/uploads\/usu897\/2019\/02\/107972-1.jpg\"><\/a>El\u00a0 dimarts 26 de febrer al mat\u00ed els\/les alumnes de 6\u00e8 aniran a la jornada de portes obertes de l&#8217;institut de Palam\u00f3s.<br \/>\nAquest any les portes obertes de l&#8217;institut es fan una mica diferent. Els nois i noies de 1r d&#8217;ESO com exalumnes de La&hellip;  <a href=\"https:\/\/agora.xtec.cat\/escolalavilapalamos\/general\/portes-obertes-a-linstitut-de-palamos-2\/\" title=\"Read Portes Obertes a l&#8217;institut de Palam\u00f3s\">Llegeix m\u00e9s\u00bb<\/a><\/p>\n","protected":false},"author":171,"featured_media":5112,"comment_status":"open","ping_status":"closed","sticky":false,"template":"","format":"standard","meta":{"_bbp_topic_count":0,"_bbp_reply_count":0,"_bbp_total_topic_count":0,"_bbp_total_reply_count":0,"_bbp_voice_count":0,"_bbp_anonymous_reply_count":0,"_bbp_topic_count_hidden":0,"_bbp_reply_count_hidden":0,"_bbp_forum_subforum_count":0,"footnotes":""},"categories":[128,1,4,5],"tags":[],"class_list":["post-5093","post","type-post","status-publish","format-standard","has-post-thumbnail","hentry","category-comunitat-de-grans","category-general","category-portada","category-primaria"],"post_mailing_queue_ids":[],"_links":{"self":[{"href":"https:\/\/agora.xtec.cat\/escolalavilapalamos\/wp-json\/wp\/v2\/posts\/5093","targetHints":{"allow":["GET"]}}],"collection":[{"href":"https:\/\/agora.xtec.cat\/escolalavilapalamos\/wp-json\/wp\/v2\/posts"}],"about":[{"href":"https:\/\/agora.xtec.cat\/escolalavilapalamos\/wp-json\/wp\/v2\/types\/post"}],"author":[{"embeddable":true,"href":"https:\/\/agora.xtec.cat\/escolalavilapalamos\/wp-json\/wp\/v2\/users\/171"}],"replies":[{"embeddable":true,"href":"https:\/\/agora.xtec.cat\/escolalavilapalamos\/wp-json\/wp\/v2\/comments?post=5093"}],"version-history":[{"count":4,"href":"https:\/\/agora.xtec.cat\/escolalavilapalamos\/wp-json\/wp\/v2\/posts\/5093\/revisions"}],"predecessor-version":[{"id":5331,"href":"https:\/\/agora.xtec.cat\/escolalavilapalamos\/wp-json\/wp\/v2\/posts\/5093\/revisions\/5331"}],"wp:featuredmedia":[{"embeddable":true,"href":"https:\/\/agora.xtec.cat\/escolalavilapalamos\/wp-json\/wp\/v2\/media\/5112"}],"wp:attachment":[{"href":"https:\/\/agora.xtec.cat\/escolalavilapalamos\/wp-json\/wp\/v2\/media?parent=5093"}],"wp:term":[{"taxonomy":"category","embeddable":true,"href":"https:\/\/agora.xtec.cat\/escolalavilapalamos\/wp-json\/wp\/v2\/categories?post=5093"},{"taxonomy":"post_tag","embeddable":true,"href":"https:\/\/agora.xtec.cat\/escolalavilapalamos\/wp-json\/wp\/v2\/tags?post=5093"}],"curies":[{"name":"wp","href":"https:\/\/api.w.org\/{rel}","templated":true}]}}