{"id":5092,"date":"2019-02-21T16:10:11","date_gmt":"2019-02-21T15:10:11","guid":{"rendered":"http:\/\/agora.xtec.cat\/escolalavilapalamos\/?p=5092"},"modified":"2019-02-26T16:29:57","modified_gmt":"2019-02-26T15:29:57","slug":"autors-a-les-aules","status":"publish","type":"post","link":"https:\/\/agora.xtec.cat\/escolalavilapalamos\/general\/autors-a-les-aules\/","title":{"rendered":"Autors a les aules"},"content":{"rendered":"<p><a href=\"https:\/\/agora.xtec.cat\/escolalavilapalamos\/wp-content\/uploads\/usu897\/2019\/02\/01-lletres.jpg_2103271017.jpg\"><img loading=\"lazy\" decoding=\"async\" class=\"size-full wp-image-5152 aligncenter\" src=\"https:\/\/agora.xtec.cat\/escolalavilapalamos\/wp-content\/uploads\/usu897\/2019\/02\/01-lletres.jpg_2103271017.jpg\" alt=\"\" width=\"400\" height=\"301\" srcset=\"https:\/\/agora.xtec.cat\/escolalavilapalamos\/wp-content\/uploads\/usu897\/2019\/02\/01-lletres.jpg_2103271017.jpg 400w, https:\/\/agora.xtec.cat\/escolalavilapalamos\/wp-content\/uploads\/usu897\/2019\/02\/01-lletres.jpg_2103271017-300x226.jpg 300w, https:\/\/agora.xtec.cat\/escolalavilapalamos\/wp-content\/uploads\/usu897\/2019\/02\/01-lletres.jpg_2103271017-200x150.jpg 200w\" sizes=\"auto, (max-width: 400px) 100vw, 400px\" \/><\/a><\/p>\n<p>El <strong>divendres 22 de febrer<\/strong> ve a l&#8217;escola\u00a0 l&#8217;escriptor <strong>Marcel Fit\u00e9<\/strong>. Dins el projecte <em>Autors a les aules<\/em>, l&#8217;autor vindr\u00e0 a conversar amb els alumnes i mestres de 6\u00e8. <em>Autors a les Aules<\/em> permet que els alumnes lectors entrin en contacte directe amb els escriptors i hi estableixin un di\u00e0leg al voltant dels seus llibres i d\u2019altres temes relacionats amb el fet literari com l\u2019ofici d\u2019escriure, el proc\u00e9s de creaci\u00f3 o el m\u00f3n editorial. D\u2019entre les habilitats que desenvolupa s\u2019hi troba la de posar en pr\u00e0ctica la capacitat de di\u00e0leg, afavorir el respecte i l\u2019inter\u00e8s pel text escrit, fomentar el sentit cr\u00edtic, estimular el gust literari, prendre consci\u00e8ncia de la pr\u00f2pia capacitat d\u2019expressar-se a trav\u00e9s del text escrit.<\/p>\n<p>El poeta, ling\u00fcista i pedagog <a href=\"https:\/\/sites.google.com\/site\/autorslh\/index-d-autors\/marcel-fite\">Marcel Fit\u00e9 Argerich<\/a>, nascut a Coll de Narg\u00f3 l&#8217;any 1949, es va llicenciar en Filologia catalana a la Universitat de Barcelona. Ha treballat de professor de llengua i literatura catalanes en diversos instituts.<\/p>\n<p>Nosaltres hem treballat el llibre\u00a0 <strong><em>Hist\u00f2ries de vetllador<\/em>. <\/strong>Darrere de l&#8217;aventura d&#8217;un jove raier a punt de ser engolit en un remol\u00ed del Segre, els somnis d&#8217;un tofaire, l&#8217;ast\u00facia d&#8217;un meler, l&#8217;enigma d&#8217;un \u00e9sser solitari que sembla misteriosament sortit de les entranyes de la terra, la professionalitat d&#8217;un vistaire, la bondadosa vocaci\u00f3 d&#8217;un acordionista i les perip\u00e8cies d&#8217;un vell sastre, hi ha tot un m\u00f3n. Un m\u00f3n de costums, un m\u00f3n de gent amb oficis i amb formes de vida que es perden, per\u00f2 tamb\u00e9 hi ha un paisatge hum\u00e0 i verbal ple de sentiments i de tendresa. Perqu\u00e8, de fet,\u00a0<strong><i>Hist\u00f2ries de vetllador<\/i>\u00a0\u00e9s una hist\u00f2ria d&#8217;amor.<\/strong><\/p>\n","protected":false},"excerpt":{"rendered":"<p><a href=\"https:\/\/agora.xtec.cat\/escolalavilapalamos\/wp-content\/uploads\/usu897\/2019\/02\/01-lletres.jpg_2103271017.jpg\"><\/a><br \/>\nEl divendres 22 de febrer ve a l&#8217;escola\u00a0 l&#8217;escriptor Marcel Fit\u00e9. Dins el projecte Autors a les aules, l&#8217;autor vindr\u00e0 a conversar amb els alumnes i mestres de 6\u00e8. Autors a les Aules permet que els alumnes lectors entrin en contacte directe amb els&hellip;  <a href=\"https:\/\/agora.xtec.cat\/escolalavilapalamos\/general\/autors-a-les-aules\/\" title=\"Read Autors a les aules\">Llegeix m\u00e9s\u00bb<\/a><\/p>\n","protected":false},"author":171,"featured_media":5152,"comment_status":"open","ping_status":"closed","sticky":false,"template":"","format":"standard","meta":{"_bbp_topic_count":0,"_bbp_reply_count":0,"_bbp_total_topic_count":0,"_bbp_total_reply_count":0,"_bbp_voice_count":0,"_bbp_anonymous_reply_count":0,"_bbp_topic_count_hidden":0,"_bbp_reply_count_hidden":0,"_bbp_forum_subforum_count":0,"footnotes":""},"categories":[128,1,4,5],"tags":[],"class_list":["post-5092","post","type-post","status-publish","format-standard","has-post-thumbnail","hentry","category-comunitat-de-grans","category-general","category-portada","category-primaria"],"post_mailing_queue_ids":[],"_links":{"self":[{"href":"https:\/\/agora.xtec.cat\/escolalavilapalamos\/wp-json\/wp\/v2\/posts\/5092","targetHints":{"allow":["GET"]}}],"collection":[{"href":"https:\/\/agora.xtec.cat\/escolalavilapalamos\/wp-json\/wp\/v2\/posts"}],"about":[{"href":"https:\/\/agora.xtec.cat\/escolalavilapalamos\/wp-json\/wp\/v2\/types\/post"}],"author":[{"embeddable":true,"href":"https:\/\/agora.xtec.cat\/escolalavilapalamos\/wp-json\/wp\/v2\/users\/171"}],"replies":[{"embeddable":true,"href":"https:\/\/agora.xtec.cat\/escolalavilapalamos\/wp-json\/wp\/v2\/comments?post=5092"}],"version-history":[{"count":4,"href":"https:\/\/agora.xtec.cat\/escolalavilapalamos\/wp-json\/wp\/v2\/posts\/5092\/revisions"}],"predecessor-version":[{"id":5159,"href":"https:\/\/agora.xtec.cat\/escolalavilapalamos\/wp-json\/wp\/v2\/posts\/5092\/revisions\/5159"}],"wp:featuredmedia":[{"embeddable":true,"href":"https:\/\/agora.xtec.cat\/escolalavilapalamos\/wp-json\/wp\/v2\/media\/5152"}],"wp:attachment":[{"href":"https:\/\/agora.xtec.cat\/escolalavilapalamos\/wp-json\/wp\/v2\/media?parent=5092"}],"wp:term":[{"taxonomy":"category","embeddable":true,"href":"https:\/\/agora.xtec.cat\/escolalavilapalamos\/wp-json\/wp\/v2\/categories?post=5092"},{"taxonomy":"post_tag","embeddable":true,"href":"https:\/\/agora.xtec.cat\/escolalavilapalamos\/wp-json\/wp\/v2\/tags?post=5092"}],"curies":[{"name":"wp","href":"https:\/\/api.w.org\/{rel}","templated":true}]}}