{"id":5059,"date":"2019-04-03T08:00:49","date_gmt":"2019-04-03T06:00:49","guid":{"rendered":"http:\/\/agora.xtec.cat\/escolalavilapalamos\/?p=5059"},"modified":"2019-04-05T18:59:51","modified_gmt":"2019-04-05T16:59:51","slug":"__trashed-20","status":"publish","type":"post","link":"https:\/\/agora.xtec.cat\/escolalavilapalamos\/general\/__trashed-20\/","title":{"rendered":"Amadeo Modigliani. Ens fem un autoretrat"},"content":{"rendered":"<p><img loading=\"lazy\" decoding=\"async\" class=\"alignright\" src=\"https:\/\/assets.catawiki.nl\/assets\/2017\/1\/17\/6\/2\/2\/62202df2-dcf2-11e6-9653-63bd9bef1723.jpg\" alt=\"Imagen relacionada\" width=\"187\" height=\"229\" \/><\/p>\n<h4 style=\"text-align: left;\">Reporters La Vila<\/h4>\n<p style=\"text-align: left;\">Els nens i nenes de 2n estan pintant\u00a0 el seu autoretrat segons la pintura i els quadres d&#8217; Amadeo Modigliani.<\/p>\n<p>L&#8217; autor va n\u00e9ixer el 12 de juny 1884 a\u00a0Livorno (It\u00e0lia) va tenir una parella, Beatrice Hastings; i va morir\u00a0 el\u00a024 de gener del 1920 a\u00a0Chu \u2013 Hospital De La Charit\u00e9, Saint-\u00c9tienne, Fran\u00e7a. Amadeo Modigliani va ser un pintor que es va fer fam\u00f3s gr\u00e0cies al m\u00f3n de la pintura. Mireu alguns dels seus quadres\u00a0<a href=\"https:\/\/www.google.com\/imgres?imgurl=https%3A%2F%2Fassets.catawiki.nl%2Fassets%2F2017%2F1%2F17%2F6%2F2%2F2%2F62202df2-dcf2-11e6-9653-63bd9bef1723.jpg&amp;imgrefurl=https%3A%2F%2Fsubastas.catawiki.es%2Fkavels%2F9768171-amedeo-modigliani-after-ritratto-di-blaise-cendrars&amp;docid=kO2qC6h8o-IweM&amp;tbnid=fTAHay_-lY7BKM%3A&amp;vet=10ahUKEwip7d60hMjgAhUmzYUKHTJfDukQMwhPKAAwAA..i&amp;w=572&amp;h=700&amp;bih=666&amp;biw=1366&amp;q=amedeo%20modigliani&amp;ved=0ahUKEwip7d60hMjgAhUmzYUKHTJfDukQMwhPKAAwAA&amp;iact=mrc&amp;uact=8\"> aqu\u00ed.\u00a0<\/a><\/p>\n<p>Podeu veure tots els autoretrats dels nens i nenes de 2n<\/p>\n<p><iframe loading=\"lazy\" title=\"Autoretrats 2n\" width=\"500\" height=\"281\" src=\"https:\/\/www.youtube.com\/embed\/2pp2Vt9uCI8?feature=oembed\" frameborder=\"0\" allow=\"accelerometer; autoplay; clipboard-write; encrypted-media; gyroscope; picture-in-picture; web-share\" referrerpolicy=\"strict-origin-when-cross-origin\" allowfullscreen><\/iframe><\/p>\n","protected":false},"excerpt":{"rendered":"<p>Reporters La Vila<br \/>\nEls nens i nenes de 2n estan pintant\u00a0 el seu autoretrat segons la pintura i els quadres d&#8217; Amadeo Modigliani.<br \/>\nL&#8217; autor va n\u00e9ixer el 12 de juny 1884 a\u00a0Livorno (It\u00e0lia) va tenir una parella, Beatrice Hastings; i va morir\u00a0 el\u00a024 de gener del&hellip;  <a href=\"https:\/\/agora.xtec.cat\/escolalavilapalamos\/general\/__trashed-20\/\" title=\"Read Amadeo Modigliani. Ens fem un autoretrat\">Llegeix m\u00e9s\u00bb<\/a><\/p>\n","protected":false},"author":171,"featured_media":5277,"comment_status":"open","ping_status":"closed","sticky":false,"template":"","format":"standard","meta":{"_bbp_topic_count":0,"_bbp_reply_count":0,"_bbp_total_topic_count":0,"_bbp_total_reply_count":0,"_bbp_voice_count":0,"_bbp_anonymous_reply_count":0,"_bbp_topic_count_hidden":0,"_bbp_reply_count_hidden":0,"_bbp_forum_subforum_count":0,"footnotes":""},"categories":[127,1,4,5],"tags":[],"class_list":["post-5059","post","type-post","status-publish","format-standard","has-post-thumbnail","hentry","category-comunitat-de-mitjans","category-general","category-portada","category-primaria"],"post_mailing_queue_ids":[],"_links":{"self":[{"href":"https:\/\/agora.xtec.cat\/escolalavilapalamos\/wp-json\/wp\/v2\/posts\/5059","targetHints":{"allow":["GET"]}}],"collection":[{"href":"https:\/\/agora.xtec.cat\/escolalavilapalamos\/wp-json\/wp\/v2\/posts"}],"about":[{"href":"https:\/\/agora.xtec.cat\/escolalavilapalamos\/wp-json\/wp\/v2\/types\/post"}],"author":[{"embeddable":true,"href":"https:\/\/agora.xtec.cat\/escolalavilapalamos\/wp-json\/wp\/v2\/users\/171"}],"replies":[{"embeddable":true,"href":"https:\/\/agora.xtec.cat\/escolalavilapalamos\/wp-json\/wp\/v2\/comments?post=5059"}],"version-history":[{"count":4,"href":"https:\/\/agora.xtec.cat\/escolalavilapalamos\/wp-json\/wp\/v2\/posts\/5059\/revisions"}],"predecessor-version":[{"id":5714,"href":"https:\/\/agora.xtec.cat\/escolalavilapalamos\/wp-json\/wp\/v2\/posts\/5059\/revisions\/5714"}],"wp:featuredmedia":[{"embeddable":true,"href":"https:\/\/agora.xtec.cat\/escolalavilapalamos\/wp-json\/wp\/v2\/media\/5277"}],"wp:attachment":[{"href":"https:\/\/agora.xtec.cat\/escolalavilapalamos\/wp-json\/wp\/v2\/media?parent=5059"}],"wp:term":[{"taxonomy":"category","embeddable":true,"href":"https:\/\/agora.xtec.cat\/escolalavilapalamos\/wp-json\/wp\/v2\/categories?post=5059"},{"taxonomy":"post_tag","embeddable":true,"href":"https:\/\/agora.xtec.cat\/escolalavilapalamos\/wp-json\/wp\/v2\/tags?post=5059"}],"curies":[{"name":"wp","href":"https:\/\/api.w.org\/{rel}","templated":true}]}}