{"id":4805,"date":"2019-02-21T15:54:33","date_gmt":"2019-02-21T14:54:33","guid":{"rendered":"http:\/\/agora.xtec.cat\/escolalavilapalamos\/?p=4805"},"modified":"2019-02-21T15:54:57","modified_gmt":"2019-02-21T14:54:57","slug":"amics-i-amors-de-hoffmann","status":"publish","type":"post","link":"https:\/\/agora.xtec.cat\/escolalavilapalamos\/general\/amics-i-amors-de-hoffmann\/","title":{"rendered":"Teatre de 5\u00e8. Amics i amors de Hoffmann"},"content":{"rendered":"<p><a href=\"https:\/\/agora.xtec.cat\/escolalavilapalamos\/wp-content\/uploads\/usu897\/2019\/02\/462150_v9_ba.jpg\"><img loading=\"lazy\" decoding=\"async\" class=\"wp-image-5142 alignleft\" src=\"https:\/\/agora.xtec.cat\/escolalavilapalamos\/wp-content\/uploads\/usu897\/2019\/02\/462150_v9_ba-768x1024.jpg\" alt=\"\" width=\"246\" height=\"328\" srcset=\"https:\/\/agora.xtec.cat\/escolalavilapalamos\/wp-content\/uploads\/usu897\/2019\/02\/462150_v9_ba-768x1024.jpg 768w, https:\/\/agora.xtec.cat\/escolalavilapalamos\/wp-content\/uploads\/usu897\/2019\/02\/462150_v9_ba-225x300.jpg 225w, https:\/\/agora.xtec.cat\/escolalavilapalamos\/wp-content\/uploads\/usu897\/2019\/02\/462150_v9_ba.jpg 1080w\" sizes=\"auto, (max-width: 246px) 100vw, 246px\" \/><\/a><\/p>\n<h4>Reporters La Vila<\/h4>\n<p>Aquest any els nois i noies de 5\u00e8 faran l&#8217;obra de teatre <a href=\"https:\/\/ca.wikipedia.org\/wiki\/Les_contes_d%E2%80%99Hoffmann\"><strong>Amics i amors de Hoffmann<\/strong> <\/a>a l<em>a Mostra de Teatre Infantil de Palam\u00f3s<\/em>. Participen 50 actors\/actrius. La representaci\u00f3\u00a0 ser\u00e0 el proper dissabte 11 de maig de 2019 a les 19:30 h.<\/p>\n<p>Amb aquesta obra es recorden els 200 anys del naixement de <strong>Jaques Offenbach<\/strong>. La can\u00e7\u00f3 m\u00e9s\u00a0 important d&#8217; aquesta obra \u00e9s <strong>La barcola. <\/strong><\/p>\n<p><a href=\"https:\/\/ca.wikipedia.org\/wiki\/Jacques_Offenbach\"><b>Jacques Offenbach<\/b><\/a>\u00a0(Col\u00f2nia,\u00a020 de juny\u00a0de\u00a01819\u00a0&#8211;\u00a0Par\u00eds,\u00a05 d&#8217;octubre\u00a0de\u00a01880) fou un\u00a0compositor\u00a0i\u00a0violoncel\u00b7lista\u00a0alemany\u00a0nacionalitzat\u00a0franc\u00e8s, va ser un dels creadors de g\u00e8nere de l&#8217;opereta\u00a0i un precursor de la moderna\u00a0com\u00e8dia musical.<\/p>\n<p><iframe loading=\"lazy\" src=\"\/\/www.youtube.com\/embed\/0-92JDBLKjw\" width=\"560\" height=\"314\" allowfullscreen=\"allowfullscreen\"><\/iframe><\/p>\n","protected":false},"excerpt":{"rendered":"<p><a href=\"https:\/\/agora.xtec.cat\/escolalavilapalamos\/wp-content\/uploads\/usu897\/2019\/02\/462150_v9_ba.jpg\"><\/a><br \/>\nReporters La Vila<br \/>\nAquest any els nois i noies de 5\u00e8 faran l&#8217;obra de teatre <a href=\"https:\/\/ca.wikipedia.org\/wiki\/Les_contes_d%E2%80%99Hoffmann\">Amics i amors de Hoffmann <\/a>a la Mostra de Teatre Infantil de Palam\u00f3s. Participen 50 actors\/actrius. La representaci\u00f3\u00a0 ser\u00e0 el proper dissabte 11 de maig de 2019 a les&hellip;  <a href=\"https:\/\/agora.xtec.cat\/escolalavilapalamos\/general\/amics-i-amors-de-hoffmann\/\" title=\"Read Teatre de 5\u00e8. Amics i amors de Hoffmann\">Llegeix m\u00e9s\u00bb<\/a><\/p>\n","protected":false},"author":171,"featured_media":5142,"comment_status":"open","ping_status":"closed","sticky":false,"template":"","format":"standard","meta":{"_bbp_topic_count":0,"_bbp_reply_count":0,"_bbp_total_topic_count":0,"_bbp_total_reply_count":0,"_bbp_voice_count":0,"_bbp_anonymous_reply_count":0,"_bbp_topic_count_hidden":0,"_bbp_reply_count_hidden":0,"_bbp_forum_subforum_count":0,"footnotes":""},"categories":[128,1,68,4,5],"tags":[],"class_list":["post-4805","post","type-post","status-publish","format-standard","has-post-thumbnail","hentry","category-comunitat-de-grans","category-general","category-musica","category-portada","category-primaria"],"post_mailing_queue_ids":[],"_links":{"self":[{"href":"https:\/\/agora.xtec.cat\/escolalavilapalamos\/wp-json\/wp\/v2\/posts\/4805","targetHints":{"allow":["GET"]}}],"collection":[{"href":"https:\/\/agora.xtec.cat\/escolalavilapalamos\/wp-json\/wp\/v2\/posts"}],"about":[{"href":"https:\/\/agora.xtec.cat\/escolalavilapalamos\/wp-json\/wp\/v2\/types\/post"}],"author":[{"embeddable":true,"href":"https:\/\/agora.xtec.cat\/escolalavilapalamos\/wp-json\/wp\/v2\/users\/171"}],"replies":[{"embeddable":true,"href":"https:\/\/agora.xtec.cat\/escolalavilapalamos\/wp-json\/wp\/v2\/comments?post=4805"}],"version-history":[{"count":3,"href":"https:\/\/agora.xtec.cat\/escolalavilapalamos\/wp-json\/wp\/v2\/posts\/4805\/revisions"}],"predecessor-version":[{"id":5144,"href":"https:\/\/agora.xtec.cat\/escolalavilapalamos\/wp-json\/wp\/v2\/posts\/4805\/revisions\/5144"}],"wp:featuredmedia":[{"embeddable":true,"href":"https:\/\/agora.xtec.cat\/escolalavilapalamos\/wp-json\/wp\/v2\/media\/5142"}],"wp:attachment":[{"href":"https:\/\/agora.xtec.cat\/escolalavilapalamos\/wp-json\/wp\/v2\/media?parent=4805"}],"wp:term":[{"taxonomy":"category","embeddable":true,"href":"https:\/\/agora.xtec.cat\/escolalavilapalamos\/wp-json\/wp\/v2\/categories?post=4805"},{"taxonomy":"post_tag","embeddable":true,"href":"https:\/\/agora.xtec.cat\/escolalavilapalamos\/wp-json\/wp\/v2\/tags?post=4805"}],"curies":[{"name":"wp","href":"https:\/\/api.w.org\/{rel}","templated":true}]}}