{"id":4722,"date":"2020-02-19T08:06:50","date_gmt":"2020-02-19T07:06:50","guid":{"rendered":"http:\/\/agora.xtec.cat\/escolalavilapalamos\/?p=4722"},"modified":"2020-02-19T11:39:55","modified_gmt":"2020-02-19T10:39:55","slug":"__trashed-7","status":"publish","type":"post","link":"https:\/\/agora.xtec.cat\/escolalavilapalamos\/general\/__trashed-7\/","title":{"rendered":"CINC. Cinema infantil en Catal\u00e0"},"content":{"rendered":"<h5>Reporters La Vila<\/h5>\n<p><a href=\"https:\/\/agora.xtec.cat\/escolalavilapalamos\/wp-content\/uploads\/usu897\/2019\/02\/CINC_2019_HR.jpg\"><img loading=\"lazy\" decoding=\"async\" class=\" wp-image-4796 alignright\" src=\"https:\/\/agora.xtec.cat\/escolalavilapalamos\/wp-content\/uploads\/usu897\/2019\/02\/CINC_2019_HR.jpg\" alt=\"\" width=\"309\" height=\"427\" srcset=\"https:\/\/agora.xtec.cat\/escolalavilapalamos\/wp-content\/uploads\/usu897\/2019\/02\/CINC_2019_HR.jpg 479w, https:\/\/agora.xtec.cat\/escolalavilapalamos\/wp-content\/uploads\/usu897\/2019\/02\/CINC_2019_HR-217x300.jpg 217w\" sizes=\"auto, (max-width: 309px) 100vw, 309px\" \/><\/a>El CINC \u00e9s una iniciativa de la Direcci\u00f3 General de Pol\u00edtica Ling\u00fc\u00edstica del Departament de Cultura per fer cr\u00e9ixer l\u2019oferta i el consum de cinema infantil en catal\u00e0, amb la col\u00b7laboraci\u00f3 del Consorci per a la Normalitzaci\u00f3 Ling\u00fc\u00edstica i de diversos ajuntaments, institucions, entitats i cinemes.<\/p>\n<p>A partir del proper cap de setmana pots anar al Cinema de Platja d&#8217;Aro a veure <strong>Cinema en catal\u00e0<\/strong>.<\/p>\n<p>Dissabtes a les 16:15 h. Preu: 4,20\u20ac<\/p>\n<p>Podeu veure les pel\u00b7l\u00edcules: Toy Story 4, Mascotes 2, Playm\u00f2bil: la pel\u00b7l\u00edcula, Frozen II i Espies disfressats.<\/p>\n<p><a href=\"https:\/\/www.gencat.cat\/llengua\/cinema\/compartir.html?u=http:\/\/www.gencat.cat\/llengua\/cinema\/cinc\/programacions\/PLATJA_DARO.jpg&amp;uf=https:\/\/www.facebook.com\/photo.php?fbid=10158727544733968&amp;adoc=http:\/\/www.gencat.cat\/llengua\/cinema\/cinc\/programacions\/PLATJA_DARO.pdf&amp;progra=http:\/\/www.gencat.cat\/llengua\/cinema\/sessions_film.html?captacicle=57141&amp;captaloca=platja\">M\u00e9s informaci\u00f3 de la cartellera<\/a><\/p>\n<div class=\"RY3tic\">\n<div class=\"eGiHwc\"><\/div>\n<div class=\"KYCEmd\"><\/div>\n<\/div>\n","protected":false},"excerpt":{"rendered":"<p>Reporters La Vila<br \/>\n<a href=\"https:\/\/agora.xtec.cat\/escolalavilapalamos\/wp-content\/uploads\/usu897\/2019\/02\/CINC_2019_HR.jpg\"><\/a>El CINC \u00e9s una iniciativa de la Direcci\u00f3 General de Pol\u00edtica Ling\u00fc\u00edstica del Departament de Cultura per fer cr\u00e9ixer l\u2019oferta i el consum de cinema infantil en catal\u00e0, amb la col\u00b7laboraci\u00f3 del Consorci per a la Normalitzaci\u00f3 Ling\u00fc\u00edstica i de diversos ajuntaments,&hellip;  <a href=\"https:\/\/agora.xtec.cat\/escolalavilapalamos\/general\/__trashed-7\/\" title=\"Read CINC. Cinema infantil en Catal\u00e0\">Llegeix m\u00e9s\u00bb<\/a><\/p>\n","protected":false},"author":171,"featured_media":4796,"comment_status":"open","ping_status":"closed","sticky":false,"template":"","format":"standard","meta":{"_bbp_topic_count":0,"_bbp_reply_count":0,"_bbp_total_topic_count":0,"_bbp_total_reply_count":0,"_bbp_voice_count":0,"_bbp_anonymous_reply_count":0,"_bbp_topic_count_hidden":0,"_bbp_reply_count_hidden":0,"_bbp_forum_subforum_count":0,"footnotes":""},"categories":[1,4,5],"tags":[],"class_list":["post-4722","post","type-post","status-publish","format-standard","has-post-thumbnail","hentry","category-general","category-portada","category-primaria"],"post_mailing_queue_ids":[],"_links":{"self":[{"href":"https:\/\/agora.xtec.cat\/escolalavilapalamos\/wp-json\/wp\/v2\/posts\/4722","targetHints":{"allow":["GET"]}}],"collection":[{"href":"https:\/\/agora.xtec.cat\/escolalavilapalamos\/wp-json\/wp\/v2\/posts"}],"about":[{"href":"https:\/\/agora.xtec.cat\/escolalavilapalamos\/wp-json\/wp\/v2\/types\/post"}],"author":[{"embeddable":true,"href":"https:\/\/agora.xtec.cat\/escolalavilapalamos\/wp-json\/wp\/v2\/users\/171"}],"replies":[{"embeddable":true,"href":"https:\/\/agora.xtec.cat\/escolalavilapalamos\/wp-json\/wp\/v2\/comments?post=4722"}],"version-history":[{"count":3,"href":"https:\/\/agora.xtec.cat\/escolalavilapalamos\/wp-json\/wp\/v2\/posts\/4722\/revisions"}],"predecessor-version":[{"id":7348,"href":"https:\/\/agora.xtec.cat\/escolalavilapalamos\/wp-json\/wp\/v2\/posts\/4722\/revisions\/7348"}],"wp:featuredmedia":[{"embeddable":true,"href":"https:\/\/agora.xtec.cat\/escolalavilapalamos\/wp-json\/wp\/v2\/media\/4796"}],"wp:attachment":[{"href":"https:\/\/agora.xtec.cat\/escolalavilapalamos\/wp-json\/wp\/v2\/media?parent=4722"}],"wp:term":[{"taxonomy":"category","embeddable":true,"href":"https:\/\/agora.xtec.cat\/escolalavilapalamos\/wp-json\/wp\/v2\/categories?post=4722"},{"taxonomy":"post_tag","embeddable":true,"href":"https:\/\/agora.xtec.cat\/escolalavilapalamos\/wp-json\/wp\/v2\/tags?post=4722"}],"curies":[{"name":"wp","href":"https:\/\/api.w.org\/{rel}","templated":true}]}}