{"id":4716,"date":"2019-02-11T16:55:04","date_gmt":"2019-02-11T15:55:04","guid":{"rendered":"http:\/\/agora.xtec.cat\/escolalavilapalamos\/?p=4716"},"modified":"2019-02-14T17:32:22","modified_gmt":"2019-02-14T16:32:22","slug":"els-animals-de-lescola","status":"publish","type":"post","link":"https:\/\/agora.xtec.cat\/escolalavilapalamos\/general\/els-animals-de-lescola\/","title":{"rendered":"Els animals de l&#8217;escola"},"content":{"rendered":"<h5>Reporters La Vila<\/h5>\n<p><a href=\"https:\/\/agora.xtec.cat\/escolalavilapalamos\/wp-content\/uploads\/usu897\/2019\/02\/blue-siamese-fighting-fish-betta-fish-2324-p.jpg\"><img loading=\"lazy\" decoding=\"async\" class=\" wp-image-4827 alignleft\" src=\"https:\/\/agora.xtec.cat\/escolalavilapalamos\/wp-content\/uploads\/usu897\/2019\/02\/blue-siamese-fighting-fish-betta-fish-2324-p.jpg\" alt=\"\" width=\"255\" height=\"254\" srcset=\"https:\/\/agora.xtec.cat\/escolalavilapalamos\/wp-content\/uploads\/usu897\/2019\/02\/blue-siamese-fighting-fish-betta-fish-2324-p.jpg 347w, https:\/\/agora.xtec.cat\/escolalavilapalamos\/wp-content\/uploads\/usu897\/2019\/02\/blue-siamese-fighting-fish-betta-fish-2324-p-150x150.jpg 150w, https:\/\/agora.xtec.cat\/escolalavilapalamos\/wp-content\/uploads\/usu897\/2019\/02\/blue-siamese-fighting-fish-betta-fish-2324-p-300x300.jpg 300w\" sizes=\"auto, (max-width: 255px) 100vw, 255px\" \/><\/a>A l&#8217;escola hi ha alguns animals, sobretot peixos.\u00a0A l&#8217;aula de m\u00fasica hi ha un peix que es diu <strong>Blues<\/strong>. Aquest peix \u00e9s un esp\u00e8cie que s&#8217;anomena beta. El <em>blues<\/em> \u00e9s un tipus de musica i a m\u00e9s vol dir blau en angl\u00e8s. <em>El lluitador de Siam (Betta splendens) tambi\u00e9n conegut com a peix beta, \u00e9s una esp\u00e8cie de peix d&#8217;aigua dol\u00e7a de la fam\u00edlia dels laber\u00edntids. \u00c9s nadiu de Sud-est Asi\u00e0tic majorment a Tail\u00e0ndia i Cambodja . Hi ha una gran varietat de colors (vermell, blau Steel, blau royal, verd, morat, cel\u00b7lofana, turquesa, taronja, cooper, negre, mustard gas) i formes d&#8217;aletes.<br \/>\n<\/em><\/p>\n<p><span style=\"font-family: inherit; font-size: 1em;\"><a href=\"https:\/\/agora.xtec.cat\/escolalavilapalamos\/wp-content\/uploads\/usu897\/2019\/02\/20190205_154553.jpg\"><img loading=\"lazy\" decoding=\"async\" class=\"wp-image-4780 alignright\" src=\"https:\/\/agora.xtec.cat\/escolalavilapalamos\/wp-content\/uploads\/usu897\/2019\/02\/20190205_154553-1024x768.jpg\" alt=\"\" width=\"276\" height=\"207\" srcset=\"https:\/\/agora.xtec.cat\/escolalavilapalamos\/wp-content\/uploads\/usu897\/2019\/02\/20190205_154553-1024x768.jpg 1024w, https:\/\/agora.xtec.cat\/escolalavilapalamos\/wp-content\/uploads\/usu897\/2019\/02\/20190205_154553-300x225.jpg 300w, https:\/\/agora.xtec.cat\/escolalavilapalamos\/wp-content\/uploads\/usu897\/2019\/02\/20190205_154553-768x576.jpg 768w, https:\/\/agora.xtec.cat\/escolalavilapalamos\/wp-content\/uploads\/usu897\/2019\/02\/20190205_154553-200x150.jpg 200w\" sizes=\"auto, (max-width: 276px) 100vw, 276px\" \/><\/a>A fora, en el passad\u00eds de les classes de 6\u00e8 tamb\u00e9 hi ha peixos, s\u00f3n\u00a0<\/span><em style=\"font-family: inherit; font-size: 1em;\">Xiphophorus maculatus,<\/em><span style=\"font-family: inherit; font-size: 1em;\"> vulgarment conegut com <em>Platy, \u00e9s una esp\u00e8cie de peix de la fam\u00edlia Poeciliidae en l&#8217;ordre dels ciprinodontiformes. Es troben a Am\u00e8rica: des de l&#8217;Estat de Veracruz (M\u00e8xic) fins al nord de Belize. S\u00f3n peixos molt populars en el m\u00f3n de l&#8217;aquariof\u00edlia, ja que no requereixen cures especials i tenen una capacitat excepcional de reproduir-se, igual que altres esp\u00e8cies de la seva mateixa fam\u00edlia, com els guppys o mollys.<\/em><\/span><\/p>\n","protected":false},"excerpt":{"rendered":"<p>Reporters La Vila<br \/>\n<a href=\"https:\/\/agora.xtec.cat\/escolalavilapalamos\/wp-content\/uploads\/usu897\/2019\/02\/blue-siamese-fighting-fish-betta-fish-2324-p.jpg\"><\/a>A l&#8217;escola hi ha alguns animals, sobretot peixos.\u00a0A l&#8217;aula de m\u00fasica hi ha un peix que es diu Blues. Aquest peix \u00e9s un esp\u00e8cie que s&#8217;anomena beta. El blues \u00e9s un tipus de musica i a m\u00e9s vol dir blau en angl\u00e8s.&hellip;  <a href=\"https:\/\/agora.xtec.cat\/escolalavilapalamos\/general\/els-animals-de-lescola\/\" title=\"Read Els animals de l&#8217;escola\">Llegeix m\u00e9s\u00bb<\/a><\/p>\n","protected":false},"author":171,"featured_media":4778,"comment_status":"open","ping_status":"closed","sticky":false,"template":"","format":"standard","meta":{"_bbp_topic_count":0,"_bbp_reply_count":0,"_bbp_total_topic_count":0,"_bbp_total_reply_count":0,"_bbp_voice_count":0,"_bbp_anonymous_reply_count":0,"_bbp_topic_count_hidden":0,"_bbp_reply_count_hidden":0,"_bbp_forum_subforum_count":0,"footnotes":""},"categories":[128,127,2,1,4,5],"tags":[],"class_list":["post-4716","post","type-post","status-publish","format-standard","has-post-thumbnail","hentry","category-comunitat-de-grans","category-comunitat-de-mitjans","category-infantil","category-general","category-portada","category-primaria"],"post_mailing_queue_ids":[],"_links":{"self":[{"href":"https:\/\/agora.xtec.cat\/escolalavilapalamos\/wp-json\/wp\/v2\/posts\/4716","targetHints":{"allow":["GET"]}}],"collection":[{"href":"https:\/\/agora.xtec.cat\/escolalavilapalamos\/wp-json\/wp\/v2\/posts"}],"about":[{"href":"https:\/\/agora.xtec.cat\/escolalavilapalamos\/wp-json\/wp\/v2\/types\/post"}],"author":[{"embeddable":true,"href":"https:\/\/agora.xtec.cat\/escolalavilapalamos\/wp-json\/wp\/v2\/users\/171"}],"replies":[{"embeddable":true,"href":"https:\/\/agora.xtec.cat\/escolalavilapalamos\/wp-json\/wp\/v2\/comments?post=4716"}],"version-history":[{"count":3,"href":"https:\/\/agora.xtec.cat\/escolalavilapalamos\/wp-json\/wp\/v2\/posts\/4716\/revisions"}],"predecessor-version":[{"id":4829,"href":"https:\/\/agora.xtec.cat\/escolalavilapalamos\/wp-json\/wp\/v2\/posts\/4716\/revisions\/4829"}],"wp:featuredmedia":[{"embeddable":true,"href":"https:\/\/agora.xtec.cat\/escolalavilapalamos\/wp-json\/wp\/v2\/media\/4778"}],"wp:attachment":[{"href":"https:\/\/agora.xtec.cat\/escolalavilapalamos\/wp-json\/wp\/v2\/media?parent=4716"}],"wp:term":[{"taxonomy":"category","embeddable":true,"href":"https:\/\/agora.xtec.cat\/escolalavilapalamos\/wp-json\/wp\/v2\/categories?post=4716"},{"taxonomy":"post_tag","embeddable":true,"href":"https:\/\/agora.xtec.cat\/escolalavilapalamos\/wp-json\/wp\/v2\/tags?post=4716"}],"curies":[{"name":"wp","href":"https:\/\/api.w.org\/{rel}","templated":true}]}}