{"id":4714,"date":"2019-02-05T17:11:10","date_gmt":"2019-02-05T16:11:10","guid":{"rendered":"http:\/\/agora.xtec.cat\/escolalavilapalamos\/?p=4714"},"modified":"2019-02-07T17:18:28","modified_gmt":"2019-02-07T16:18:28","slug":"reunio-institut-de-palamos-i-escoles-de-primaria","status":"publish","type":"post","link":"https:\/\/agora.xtec.cat\/escolalavilapalamos\/general\/reunio-institut-de-palamos-i-escoles-de-primaria\/","title":{"rendered":"Reuni\u00f3 institut de Palam\u00f3s i escoles de Prim\u00e0ria"},"content":{"rendered":"<h5 style=\"text-align: left;\">Reporters La Vila<\/h5>\n<p>El\u00a0 <strong>dijous 7 de febrer a les 9:00 h<\/strong> t\u00e9 lloc a l&#8217;escola La Vila, la trobada de l&#8217;institut de Palam\u00f3s i les escoles de Prim\u00e0ria.<a href=\"https:\/\/agora.xtec.cat\/escolalavilapalamos\/wp-content\/uploads\/usu897\/2019\/02\/images-1.jpeg\"><img loading=\"lazy\" decoding=\"async\" class=\"wp-image-4757 alignright\" src=\"https:\/\/agora.xtec.cat\/escolalavilapalamos\/wp-content\/uploads\/usu897\/2019\/02\/images-1.jpeg\" alt=\"\" width=\"520\" height=\"197\" srcset=\"https:\/\/agora.xtec.cat\/escolalavilapalamos\/wp-content\/uploads\/usu897\/2019\/02\/images-1.jpeg 364w, https:\/\/agora.xtec.cat\/escolalavilapalamos\/wp-content\/uploads\/usu897\/2019\/02\/images-1-300x114.jpeg 300w\" sizes=\"auto, (max-width: 520px) 100vw, 520px\" \/><\/a><\/p>\n<p>La primera part de la sessi\u00f3 es parla de l&#8217;atenci\u00f3 als alumnes amb necessitats educatives especials i a la segona part \u00e9s pr\u00f2piament de trasp\u00e0s d&#8217;informaci\u00f3. Es parla de l&#8217;adaptaci\u00f3 dels nois i noies de 1r d&#8217; ESO que el curs passat feien 6\u00e8 al nostre centre i que ara estan a l&#8217;institut, i de les possibles millores del pas de prim\u00e0ria a secund\u00e0ria.<\/p>\n<p>La propera reuni\u00f3 amb l&#8217;institut ser\u00e0 el mes de maig per parlar dels nois i noies de 6\u00e8 d&#8217;aquest curs i que a partir de setembre van a Secund\u00e0ria.<\/p>\n<p>&nbsp;<\/p>\n<p>&nbsp;<\/p>\n<p>&nbsp;<\/p>\n","protected":false},"excerpt":{"rendered":"<p>Reporters La Vila<br \/>\nEl\u00a0 dijous 7 de febrer a les 9:00 h t\u00e9 lloc a l&#8217;escola La Vila, la trobada de l&#8217;institut de Palam\u00f3s i les escoles de Prim\u00e0ria.<a href=\"https:\/\/agora.xtec.cat\/escolalavilapalamos\/wp-content\/uploads\/usu897\/2019\/02\/images-1.jpeg\"><\/a><br \/>\nLa primera part de la sessi\u00f3 es parla de l&#8217;atenci\u00f3 als alumnes amb necessitats educatives especials i&hellip;  <a href=\"https:\/\/agora.xtec.cat\/escolalavilapalamos\/general\/reunio-institut-de-palamos-i-escoles-de-primaria\/\" title=\"Read Reuni\u00f3 institut de Palam\u00f3s i escoles de Prim\u00e0ria\">Llegeix m\u00e9s\u00bb<\/a><\/p>\n","protected":false},"author":171,"featured_media":4757,"comment_status":"open","ping_status":"closed","sticky":false,"template":"","format":"standard","meta":{"_bbp_topic_count":0,"_bbp_reply_count":0,"_bbp_total_topic_count":0,"_bbp_total_reply_count":0,"_bbp_voice_count":0,"_bbp_anonymous_reply_count":0,"_bbp_topic_count_hidden":0,"_bbp_reply_count_hidden":0,"_bbp_forum_subforum_count":0,"footnotes":""},"categories":[128,1,4,5],"tags":[],"class_list":["post-4714","post","type-post","status-publish","format-standard","has-post-thumbnail","hentry","category-comunitat-de-grans","category-general","category-portada","category-primaria"],"post_mailing_queue_ids":[],"_links":{"self":[{"href":"https:\/\/agora.xtec.cat\/escolalavilapalamos\/wp-json\/wp\/v2\/posts\/4714","targetHints":{"allow":["GET"]}}],"collection":[{"href":"https:\/\/agora.xtec.cat\/escolalavilapalamos\/wp-json\/wp\/v2\/posts"}],"about":[{"href":"https:\/\/agora.xtec.cat\/escolalavilapalamos\/wp-json\/wp\/v2\/types\/post"}],"author":[{"embeddable":true,"href":"https:\/\/agora.xtec.cat\/escolalavilapalamos\/wp-json\/wp\/v2\/users\/171"}],"replies":[{"embeddable":true,"href":"https:\/\/agora.xtec.cat\/escolalavilapalamos\/wp-json\/wp\/v2\/comments?post=4714"}],"version-history":[{"count":4,"href":"https:\/\/agora.xtec.cat\/escolalavilapalamos\/wp-json\/wp\/v2\/posts\/4714\/revisions"}],"predecessor-version":[{"id":4792,"href":"https:\/\/agora.xtec.cat\/escolalavilapalamos\/wp-json\/wp\/v2\/posts\/4714\/revisions\/4792"}],"wp:featuredmedia":[{"embeddable":true,"href":"https:\/\/agora.xtec.cat\/escolalavilapalamos\/wp-json\/wp\/v2\/media\/4757"}],"wp:attachment":[{"href":"https:\/\/agora.xtec.cat\/escolalavilapalamos\/wp-json\/wp\/v2\/media?parent=4714"}],"wp:term":[{"taxonomy":"category","embeddable":true,"href":"https:\/\/agora.xtec.cat\/escolalavilapalamos\/wp-json\/wp\/v2\/categories?post=4714"},{"taxonomy":"post_tag","embeddable":true,"href":"https:\/\/agora.xtec.cat\/escolalavilapalamos\/wp-json\/wp\/v2\/tags?post=4714"}],"curies":[{"name":"wp","href":"https:\/\/api.w.org\/{rel}","templated":true}]}}