{"id":4713,"date":"2019-02-19T11:56:54","date_gmt":"2019-02-19T10:56:54","guid":{"rendered":"http:\/\/agora.xtec.cat\/escolalavilapalamos\/?p=4713"},"modified":"2019-02-21T13:07:34","modified_gmt":"2019-02-21T12:07:34","slug":"treballem-el-pintor-keith-haring","status":"publish","type":"post","link":"https:\/\/agora.xtec.cat\/escolalavilapalamos\/general\/treballem-el-pintor-keith-haring\/","title":{"rendered":"Treballem el pintor keith Haring"},"content":{"rendered":"<p><a href=\"https:\/\/agora.xtec.cat\/escolalavilapalamos\/wp-content\/uploads\/usu897\/2019\/02\/keithharing.jpg\"><img loading=\"lazy\" decoding=\"async\" class=\"wp-image-4726 alignleft\" src=\"https:\/\/agora.xtec.cat\/escolalavilapalamos\/wp-content\/uploads\/usu897\/2019\/02\/keithharing.jpg\" alt=\"\" width=\"311\" height=\"242\" srcset=\"https:\/\/agora.xtec.cat\/escolalavilapalamos\/wp-content\/uploads\/usu897\/2019\/02\/keithharing.jpg 900w, https:\/\/agora.xtec.cat\/escolalavilapalamos\/wp-content\/uploads\/usu897\/2019\/02\/keithharing-300x233.jpg 300w, https:\/\/agora.xtec.cat\/escolalavilapalamos\/wp-content\/uploads\/usu897\/2019\/02\/keithharing-768x597.jpg 768w\" sizes=\"auto, (max-width: 311px) 100vw, 311px\" \/><\/a><\/p>\n<h4>Reporters La Vila<\/h4>\n<p>Els nens i nenes de 2n\u00a0 estem\u00a0treballant el pintor nordameric\u00e0 <a href=\"https:\/\/ca.wikipedia.org\/wiki\/Keith_Haring\"><strong>Keith Haring<\/strong><\/a> en els tallers d&#8217;educaci\u00f3 visual i pl\u00e0stica dels divendres al mat\u00ed.<\/p>\n<p><b>Keith Haring<\/b>\u00a0(Reading,\u00a0Pennsilv\u00e0nia,\u00a04 de maig,\u00a01958\u00a0&#8211;\u00a0Nova York,\u00a016 de febrer,\u00a01990) fou un\u00a0artista\u00a0pl\u00e0stic i activista social\u00a0estatunidenc, els treballs del qual responien a la cultura del carrer a la\u00a0Nova York\u00a0dels\u00a0anys 80. Destaca per les seves obres de siluetes humanes de colors primaris i vius.<\/p>\n<p>Tots els dibuixos els podeu veure <a href=\"https:\/\/photos.app.goo.gl\/XpBhuesX1nUndgNb7\">aqu\u00ed<\/a>.<\/p>\n<p>Podeu veure els nostres dibuixos a trav\u00e9s d&#8217;aquest audiovisual:<\/p>\n<p><iframe loading=\"lazy\" src=\"\/\/www.youtube.com\/embed\/YZ77mf39DXc\" width=\"560\" height=\"314\" allowfullscreen=\"allowfullscreen\"><\/iframe><\/p>\n<p>M\u00e9s informaci\u00f3 <a href=\"http:\/\/www.haring.com\/\">aqu\u00ed<\/a><\/p>\n<p>&nbsp;<\/p>\n<p>&nbsp;<\/p>\n","protected":false},"excerpt":{"rendered":"<p><a href=\"https:\/\/agora.xtec.cat\/escolalavilapalamos\/wp-content\/uploads\/usu897\/2019\/02\/keithharing.jpg\"><\/a><br \/>\nReporters La Vila<br \/>\nEls nens i nenes de 2n\u00a0 estem\u00a0treballant el pintor nordameric\u00e0 <a href=\"https:\/\/ca.wikipedia.org\/wiki\/Keith_Haring\">Keith Haring<\/a> en els tallers d&#8217;educaci\u00f3 visual i pl\u00e0stica dels divendres al mat\u00ed.<br \/>\nKeith Haring\u00a0(Reading,\u00a0Pennsilv\u00e0nia,\u00a04 de maig,\u00a01958\u00a0&#8211;\u00a0Nova York,\u00a016 de febrer,\u00a01990) fou un\u00a0artista\u00a0pl\u00e0stic i activista social\u00a0estatunidenc, els treballs del qual responien a la&hellip;  <a href=\"https:\/\/agora.xtec.cat\/escolalavilapalamos\/general\/treballem-el-pintor-keith-haring\/\" title=\"Read Treballem el pintor keith Haring\">Llegeix m\u00e9s\u00bb<\/a><\/p>\n","protected":false},"author":171,"featured_media":4726,"comment_status":"open","ping_status":"closed","sticky":false,"template":"","format":"standard","meta":{"_bbp_topic_count":0,"_bbp_reply_count":0,"_bbp_total_topic_count":0,"_bbp_total_reply_count":0,"_bbp_voice_count":0,"_bbp_anonymous_reply_count":0,"_bbp_topic_count_hidden":0,"_bbp_reply_count_hidden":0,"_bbp_forum_subforum_count":0,"footnotes":""},"categories":[127,1,4,5],"tags":[],"class_list":["post-4713","post","type-post","status-publish","format-standard","has-post-thumbnail","hentry","category-comunitat-de-mitjans","category-general","category-portada","category-primaria"],"post_mailing_queue_ids":[],"_links":{"self":[{"href":"https:\/\/agora.xtec.cat\/escolalavilapalamos\/wp-json\/wp\/v2\/posts\/4713","targetHints":{"allow":["GET"]}}],"collection":[{"href":"https:\/\/agora.xtec.cat\/escolalavilapalamos\/wp-json\/wp\/v2\/posts"}],"about":[{"href":"https:\/\/agora.xtec.cat\/escolalavilapalamos\/wp-json\/wp\/v2\/types\/post"}],"author":[{"embeddable":true,"href":"https:\/\/agora.xtec.cat\/escolalavilapalamos\/wp-json\/wp\/v2\/users\/171"}],"replies":[{"embeddable":true,"href":"https:\/\/agora.xtec.cat\/escolalavilapalamos\/wp-json\/wp\/v2\/comments?post=4713"}],"version-history":[{"count":4,"href":"https:\/\/agora.xtec.cat\/escolalavilapalamos\/wp-json\/wp\/v2\/posts\/4713\/revisions"}],"predecessor-version":[{"id":5136,"href":"https:\/\/agora.xtec.cat\/escolalavilapalamos\/wp-json\/wp\/v2\/posts\/4713\/revisions\/5136"}],"wp:featuredmedia":[{"embeddable":true,"href":"https:\/\/agora.xtec.cat\/escolalavilapalamos\/wp-json\/wp\/v2\/media\/4726"}],"wp:attachment":[{"href":"https:\/\/agora.xtec.cat\/escolalavilapalamos\/wp-json\/wp\/v2\/media?parent=4713"}],"wp:term":[{"taxonomy":"category","embeddable":true,"href":"https:\/\/agora.xtec.cat\/escolalavilapalamos\/wp-json\/wp\/v2\/categories?post=4713"},{"taxonomy":"post_tag","embeddable":true,"href":"https:\/\/agora.xtec.cat\/escolalavilapalamos\/wp-json\/wp\/v2\/tags?post=4713"}],"curies":[{"name":"wp","href":"https:\/\/api.w.org\/{rel}","templated":true}]}}