{"id":4712,"date":"2019-02-21T15:12:38","date_gmt":"2019-02-21T14:12:38","guid":{"rendered":"http:\/\/agora.xtec.cat\/escolalavilapalamos\/?p=4712"},"modified":"2019-02-21T16:18:23","modified_gmt":"2019-02-21T15:18:23","slug":"lart-rupestre","status":"publish","type":"post","link":"https:\/\/agora.xtec.cat\/escolalavilapalamos\/general\/lart-rupestre\/","title":{"rendered":"Hem treball l&#8217; art rupestre"},"content":{"rendered":"<h4><a href=\"https:\/\/agora.xtec.cat\/escolalavilapalamos\/wp-content\/uploads\/usu897\/2019\/02\/images.jpg\"><img loading=\"lazy\" decoding=\"async\" class=\" wp-image-4836 alignright\" src=\"https:\/\/agora.xtec.cat\/escolalavilapalamos\/wp-content\/uploads\/usu897\/2019\/02\/images.jpg\" alt=\"\" width=\"340\" height=\"255\" srcset=\"https:\/\/agora.xtec.cat\/escolalavilapalamos\/wp-content\/uploads\/usu897\/2019\/02\/images.jpg 259w, https:\/\/agora.xtec.cat\/escolalavilapalamos\/wp-content\/uploads\/usu897\/2019\/02\/images-200x150.jpg 200w\" sizes=\"auto, (max-width: 340px) 100vw, 340px\" \/><\/a>Reporters La Vila<\/h4>\n<p>Els nens i nenes de 2n han treballat l&#8217;<strong>art rupestre<\/strong> en els tallers de visuals i pl\u00e0stica els divendres al mat\u00ed.<\/p>\n<p><a href=\"https:\/\/ca.wikipedia.org\/wiki\/Art_rupestre\">L&#8217;art rupestre o de la prehist\u00f2ria<\/a> \u00e9s el primer art de la humanitat, de fa m\u00e9s de 30.000 anys i\u00a0 que es plasma a les roques, generalment a l&#8217;interior de coves, grutes, cavernes o abrics, que forma part de l&#8217;art prehist\u00f2ric. L&#8217;art rupestre pot haver estat produ\u00eft en diversos contextos, per b\u00e9 que la majoria s&#8217;ha interpretat com el fruit d&#8217;un\u00a0ritual. El m\u00e0xim representant de l&#8217;art rupestre s\u00f3n les\u00a0pintures rupestres, per\u00f2 tamb\u00e9 hi ha els\u00a0petr\u00f2glifs\u00a0(excavats a la superf\u00edcie de la roca) i les figures antropomorfes excavades a terra.<\/p>\n<p>Les mostres m\u00e9s antigues d&#8217;art rupestre daten del\u00a0paleol\u00edtic superior, i se n&#8217;han localitzat a\u00a0Europa,\u00a0\u00c0sia\u00a0i\u00a0\u00c0frica.<\/p>\n<p>Podeu veure els dibuixos dels nens i nenes de 2n <a href=\"https:\/\/photos.app.goo.gl\/pfd3uAc5QkdX7RqP7\">aqu\u00ed<\/a>.<\/p>\n","protected":false},"excerpt":{"rendered":"<p><a href=\"https:\/\/agora.xtec.cat\/escolalavilapalamos\/wp-content\/uploads\/usu897\/2019\/02\/images.jpg\"><\/a>Reporters La Vila<br \/>\nEls nens i nenes de 2n han treballat l&#8217;art rupestre en els tallers de visuals i pl\u00e0stica els divendres al mat\u00ed.<br \/>\n<a href=\"https:\/\/ca.wikipedia.org\/wiki\/Art_rupestre\">L&#8217;art rupestre o de la prehist\u00f2ria<\/a> \u00e9s el primer art de la humanitat, de fa m\u00e9s de 30.000 anys i\u00a0 que&hellip;  <a href=\"https:\/\/agora.xtec.cat\/escolalavilapalamos\/general\/lart-rupestre\/\" title=\"Read Hem treball l&#8217; art rupestre\">Llegeix m\u00e9s\u00bb<\/a><\/p>\n","protected":false},"author":171,"featured_media":4836,"comment_status":"open","ping_status":"closed","sticky":false,"template":"","format":"standard","meta":{"_bbp_topic_count":0,"_bbp_reply_count":0,"_bbp_total_topic_count":0,"_bbp_total_reply_count":0,"_bbp_voice_count":0,"_bbp_anonymous_reply_count":0,"_bbp_topic_count_hidden":0,"_bbp_reply_count_hidden":0,"_bbp_forum_subforum_count":0,"footnotes":""},"categories":[127,1,4,5],"tags":[],"class_list":["post-4712","post","type-post","status-publish","format-standard","has-post-thumbnail","hentry","category-comunitat-de-mitjans","category-general","category-portada","category-primaria"],"post_mailing_queue_ids":[],"_links":{"self":[{"href":"https:\/\/agora.xtec.cat\/escolalavilapalamos\/wp-json\/wp\/v2\/posts\/4712","targetHints":{"allow":["GET"]}}],"collection":[{"href":"https:\/\/agora.xtec.cat\/escolalavilapalamos\/wp-json\/wp\/v2\/posts"}],"about":[{"href":"https:\/\/agora.xtec.cat\/escolalavilapalamos\/wp-json\/wp\/v2\/types\/post"}],"author":[{"embeddable":true,"href":"https:\/\/agora.xtec.cat\/escolalavilapalamos\/wp-json\/wp\/v2\/users\/171"}],"replies":[{"embeddable":true,"href":"https:\/\/agora.xtec.cat\/escolalavilapalamos\/wp-json\/wp\/v2\/comments?post=4712"}],"version-history":[{"count":4,"href":"https:\/\/agora.xtec.cat\/escolalavilapalamos\/wp-json\/wp\/v2\/posts\/4712\/revisions"}],"predecessor-version":[{"id":5147,"href":"https:\/\/agora.xtec.cat\/escolalavilapalamos\/wp-json\/wp\/v2\/posts\/4712\/revisions\/5147"}],"wp:featuredmedia":[{"embeddable":true,"href":"https:\/\/agora.xtec.cat\/escolalavilapalamos\/wp-json\/wp\/v2\/media\/4836"}],"wp:attachment":[{"href":"https:\/\/agora.xtec.cat\/escolalavilapalamos\/wp-json\/wp\/v2\/media?parent=4712"}],"wp:term":[{"taxonomy":"category","embeddable":true,"href":"https:\/\/agora.xtec.cat\/escolalavilapalamos\/wp-json\/wp\/v2\/categories?post=4712"},{"taxonomy":"post_tag","embeddable":true,"href":"https:\/\/agora.xtec.cat\/escolalavilapalamos\/wp-json\/wp\/v2\/tags?post=4712"}],"curies":[{"name":"wp","href":"https:\/\/api.w.org\/{rel}","templated":true}]}}