{"id":4678,"date":"2019-01-28T11:24:53","date_gmt":"2019-01-28T10:24:53","guid":{"rendered":"http:\/\/agora.xtec.cat\/escolalavilapalamos\/?p=4678"},"modified":"2019-02-01T12:09:00","modified_gmt":"2019-02-01T11:09:00","slug":"dia-de-la-pau","status":"publish","type":"post","link":"https:\/\/agora.xtec.cat\/escolalavilapalamos\/general\/dia-de-la-pau\/","title":{"rendered":"Dia de la Pau"},"content":{"rendered":"<p>El dimecres 30 de gener celebrem <strong>la Festa de la Pau<\/strong> a l&#8217;escola.<\/p>\n<p><iframe loading=\"lazy\" src=\"\/\/www.youtube.com\/embed\/DFa0vo3qd2M\" width=\"560\" height=\"314\" allowfullscreen=\"allowfullscreen\" data-mce-fragment=\"1\"><\/iframe><a href=\"http:\/\/agora.xtec.cat\/escolalavilapalamos\/wp-content\/uploads\/usu897\/2014\/10\/30_gener_2015_dia.jpg\"><img loading=\"lazy\" decoding=\"async\" class=\"wp-image-2330 alignright\" src=\"http:\/\/agora.xtec.cat\/escolalavilapalamos\/wp-content\/uploads\/usu897\/2014\/10\/30_gener_2015_dia-1024x730.jpg\" alt=\"\" width=\"278\" height=\"198\" srcset=\"https:\/\/agora.xtec.cat\/escolalavilapalamos\/wp-content\/uploads\/usu897\/2014\/10\/30_gener_2015_dia-1024x730.jpg 1024w, https:\/\/agora.xtec.cat\/escolalavilapalamos\/wp-content\/uploads\/usu897\/2014\/10\/30_gener_2015_dia-300x214.jpg 300w, https:\/\/agora.xtec.cat\/escolalavilapalamos\/wp-content\/uploads\/usu897\/2014\/10\/30_gener_2015_dia-768x547.jpg 768w, https:\/\/agora.xtec.cat\/escolalavilapalamos\/wp-content\/uploads\/usu897\/2014\/10\/30_gener_2015_dia.jpg 1141w\" sizes=\"auto, (max-width: 278px) 100vw, 278px\" \/><\/a><\/p>\n<p>Aquest any els nens i nenes de 2n de Prim\u00e0ria de totes les escoles de Palam\u00f3s venen a La Vila per participar plegats a la Festa de la Pau. Arreu de Catalunya es commemora el <a href=\"https:\/\/ca.wikipedia.org\/wiki\/Dia_Escolar_de_la_No-viol%C3%A8ncia_i_la_Pau\">DENIP (Dia escolar de la no-viol\u00e8ncia i la Pau)<\/a>. Una jornada per treballar els valors de la pau i la solidaritat.<\/p>\n<p>A l&#8217;escola fem activitats pel Dia de la Pau a les aules: contes pels m\u00e9s petits, xerrades sobre els refugiats , can\u00e7ons, etc. Podeu trobar material per la Festa de la pau a l&#8217;xtec <a href=\"http:\/\/xtec.gencat.cat\/ca\/centres\/celebracions\/2017\/denip\/\">aqu\u00ed<\/a><\/p>\n<p>Aquest any treballem la can\u00e7\u00f3 <a href=\"https:\/\/youtu.be\/VtOaKriDfg4\"><strong><em>Obre els ulls<\/em><\/strong><\/a> dels Catarres. Al final de l&#8217;acte els\/les alumnes de l\u2019escola La Vila cantaran la can\u00e7\u00f3 <a href=\"https:\/\/youtu.be\/zR7-W8eVXPs\"><em>Buscant la Pau \u2013 Pels refugiats. <\/em><\/a><a href=\"https:\/\/docs.google.com\/document\/d\/1H1HtTRHoYCh3csQ8XH-JOY5rWPsYzD48cl-pLY4dsCY\/edit?usp=sharing\">Clica per aprendre la lletra<\/a><\/p>\n<p>Podeu veure un munt d&#8217;activitats del <strong>Dia de la Pau<\/strong> d&#8217;arreu de Catalunya a la web <a href=\"https:\/\/www.google.com\/maps\/d\/u\/0\/viewer?mid=1fIPVvqipU20pbMalJ5B3DnbfFloc8QAO&amp;ll=41.70976138365309%2C1.4338284963150727&amp;z=8\">Fundipau<\/a>. En el mapa trobareu l&#8217;enlla\u00e7 a l&#8217;activitat de la nostra escola.<\/p>\n<p><em>Aquesta setmana l&#8217;escola \u00e9s m\u00e9s sensible al treball per la Pau. L&#8217; Aula Musical vol donar el bon dia amb la m\u00fasica d&#8217;alumnes de l&#8217;escola de m\u00fasica. L&#8217;Aula Musical de Palam\u00f3s, amb seu a l&#8217;Escola La Vila,\u00a0 aquest any celebra el seu<strong> 10\u00e8 aniversari<\/strong> i omplir\u00e0 de musica diferents moments i espais. Aquesta setmana ser\u00e0 amb motiu de la Pau, aix\u00ed que gaudim de la m\u00fasica al comen\u00e7ar el dia!<\/em><\/p>\n\r\n\t<div class=\"slideshow_container slideshow_container_style-light\" style=\"height: 300px; \" data-slideshow-id=\"4683\" data-style-name=\"style-light\" data-style-version=\"2.3.1\" >\r\n\r\n\t\t\t\t\t<div class=\"slideshow_loading_icon\"><\/div>\r\n\t\t\r\n\t\t<div class=\"slideshow_content\" style=\"display: none;\">\r\n\r\n\t\t\t<div class=\"slideshow_view\">\r\n\t\t\t\t<div class=\"slideshow_slide slideshow_slide_image\">\r\n\t\t\t\t\t\t\t\t\t\t\t<img src=\"https:\/\/agora.xtec.cat\/escolalavilapalamos\/wp-content\/uploads\/usu897\/2019\/02\/WhatsApp-Image-2019-02-01-at-13.13.08.jpeg\" alt=\"WhatsApp Image 2019-02-01 at 13.13.08\" width=\"768\" height=\"503\" \/>\r\n\t\t\t\t\t\t\t\t\t\t<div class=\"slideshow_description_box slideshow_transparent\">\r\n\t\t\t\t\t\t<div class=\"slideshow_title\">WhatsApp Image 2019-02-01 at 13.13.08<\/div>\t\t\t\t\t\t\t\t\t\t\t<\/div>\r\n\t\t\t\t<\/div>\r\n\r\n\t\t\t\t\t\t<div style=\"clear: both;\"><\/div><\/div><div class=\"slideshow_view\">\r\n\t\t\t\t<div class=\"slideshow_slide slideshow_slide_image\">\r\n\t\t\t\t\t\t\t\t\t\t\t<img src=\"https:\/\/agora.xtec.cat\/escolalavilapalamos\/wp-content\/uploads\/usu897\/2019\/02\/piano-1024x851.jpg\" alt=\"piano-1024x851\" width=\"1024\" height=\"521\" \/>\r\n\t\t\t\t\t\t\t\t\t\t<div class=\"slideshow_description_box slideshow_transparent\">\r\n\t\t\t\t\t\t<div class=\"slideshow_title\">piano-1024x851<\/div>\t\t\t\t\t\t\t\t\t\t\t<\/div>\r\n\t\t\t\t<\/div>\r\n\r\n\t\t\t\t\t\t<div style=\"clear: both;\"><\/div><\/div><div class=\"slideshow_view\">\r\n\t\t\t\t<div class=\"slideshow_slide slideshow_slide_image\">\r\n\t\t\t\t\t\t\t\t\t\t\t<img src=\"https:\/\/agora.xtec.cat\/escolalavilapalamos\/wp-content\/uploads\/usu897\/2019\/02\/piano3.jpeg\" alt=\"piano3\" width=\"1200\" height=\"1600\" \/>\r\n\t\t\t\t\t\t\t\t\t\t<div class=\"slideshow_description_box slideshow_transparent\">\r\n\t\t\t\t\t\t<div class=\"slideshow_title\">piano3<\/div>\t\t\t\t\t\t\t\t\t\t\t<\/div>\r\n\t\t\t\t<\/div>\r\n\r\n\t\t\t\t\t\t<div style=\"clear: both;\"><\/div><\/div><div class=\"slideshow_view\">\r\n\t\t\t\t<div class=\"slideshow_slide slideshow_slide_image\">\r\n\t\t\t\t\t\t\t\t\t\t\t<img src=\"https:\/\/agora.xtec.cat\/escolalavilapalamos\/wp-content\/uploads\/usu897\/2019\/02\/piano2.jpeg\" alt=\"piano2\" width=\"1599\" height=\"1200\" \/>\r\n\t\t\t\t\t\t\t\t\t\t<div class=\"slideshow_description_box slideshow_transparent\">\r\n\t\t\t\t\t\t<div class=\"slideshow_title\">piano2<\/div>\t\t\t\t\t\t\t\t\t\t\t<\/div>\r\n\t\t\t\t<\/div>\r\n\r\n\t\t\t\t\t\t<div style=\"clear: both;\"><\/div><\/div><div class=\"slideshow_view\">\r\n\t\t\t\t<div class=\"slideshow_slide slideshow_slide_image\">\r\n\t\t\t\t\t\t\t\t\t\t\t<img src=\"https:\/\/agora.xtec.cat\/escolalavilapalamos\/wp-content\/uploads\/usu897\/2019\/02\/piano.jpeg\" alt=\"piano\" width=\"1600\" height=\"1200\" \/>\r\n\t\t\t\t\t\t\t\t\t\t<div class=\"slideshow_description_box slideshow_transparent\">\r\n\t\t\t\t\t\t<div class=\"slideshow_title\">piano<\/div>\t\t\t\t\t\t\t\t\t\t\t<\/div>\r\n\t\t\t\t<\/div>\r\n\r\n\t\t\t\t\t\t<div style=\"clear: both;\"><\/div><\/div>\r\n\t\t<\/div>\r\n\r\n\t\t<div class=\"slideshow_controlPanel slideshow_transparent\" style=\"display: none;\"><ul><li class=\"slideshow_togglePlay\" data-play-text=\"Visualitza\" data-pause-text=\"Pausa\"><\/li><\/ul><\/div>\r\n\r\n\t\t<div class=\"slideshow_button slideshow_previous slideshow_transparent\" role=\"button\" data-previous-text=\"Anterior\" style=\"display: none;\"><\/div>\r\n\t\t<div class=\"slideshow_button slideshow_next slideshow_transparent\" role=\"button\" data-next-text=\"Seg\u00fcent\" style=\"display: none;\"><\/div>\r\n\r\n\t\t<div class=\"slideshow_pagination\" style=\"display: none;\" data-go-to-text=\"V\u00e9s a la diapositiva\"><div class=\"slideshow_pagination_center\"><\/div><\/div>\r\n\r\n\t\t<!-- WordPress Slideshow Version 2.3.1 -->\r\n\r\n\t\t\t<\/div>\r\n\r\n\n<p>&nbsp;<\/p>\n<p>Aqu\u00ed tens les activitats del dia de la Pau (<em>en breu<\/em>)<\/p>\n<p>&nbsp;<\/p>\n","protected":false},"excerpt":{"rendered":"<p>El dimecres 30 de gener celebrem la Festa de la Pau a l&#8217;escola.<br \/>\n<a href=\"http:\/\/agora.xtec.cat\/escolalavilapalamos\/wp-content\/uploads\/usu897\/2014\/10\/30_gener_2015_dia.jpg\"><\/a><br \/>\nAquest any els nens i nenes de 2n de Prim\u00e0ria de totes les escoles de Palam\u00f3s venen a La Vila per participar plegats a la Festa de la Pau. Arreu de Catalunya&hellip;  <a href=\"https:\/\/agora.xtec.cat\/escolalavilapalamos\/general\/dia-de-la-pau\/\" title=\"Read Dia de la Pau\">Llegeix m\u00e9s\u00bb<\/a><\/p>\n","protected":false},"author":1,"featured_media":4679,"comment_status":"open","ping_status":"closed","sticky":false,"template":"","format":"standard","meta":{"_bbp_topic_count":0,"_bbp_reply_count":0,"_bbp_total_topic_count":0,"_bbp_total_reply_count":0,"_bbp_voice_count":0,"_bbp_anonymous_reply_count":0,"_bbp_topic_count_hidden":0,"_bbp_reply_count_hidden":0,"_bbp_forum_subforum_count":0,"footnotes":""},"categories":[128,127,2,1,4,5],"tags":[],"class_list":["post-4678","post","type-post","status-publish","format-standard","has-post-thumbnail","hentry","category-comunitat-de-grans","category-comunitat-de-mitjans","category-infantil","category-general","category-portada","category-primaria"],"post_mailing_queue_ids":[],"_links":{"self":[{"href":"https:\/\/agora.xtec.cat\/escolalavilapalamos\/wp-json\/wp\/v2\/posts\/4678","targetHints":{"allow":["GET"]}}],"collection":[{"href":"https:\/\/agora.xtec.cat\/escolalavilapalamos\/wp-json\/wp\/v2\/posts"}],"about":[{"href":"https:\/\/agora.xtec.cat\/escolalavilapalamos\/wp-json\/wp\/v2\/types\/post"}],"author":[{"embeddable":true,"href":"https:\/\/agora.xtec.cat\/escolalavilapalamos\/wp-json\/wp\/v2\/users\/1"}],"replies":[{"embeddable":true,"href":"https:\/\/agora.xtec.cat\/escolalavilapalamos\/wp-json\/wp\/v2\/comments?post=4678"}],"version-history":[{"count":3,"href":"https:\/\/agora.xtec.cat\/escolalavilapalamos\/wp-json\/wp\/v2\/posts\/4678\/revisions"}],"predecessor-version":[{"id":4687,"href":"https:\/\/agora.xtec.cat\/escolalavilapalamos\/wp-json\/wp\/v2\/posts\/4678\/revisions\/4687"}],"wp:featuredmedia":[{"embeddable":true,"href":"https:\/\/agora.xtec.cat\/escolalavilapalamos\/wp-json\/wp\/v2\/media\/4679"}],"wp:attachment":[{"href":"https:\/\/agora.xtec.cat\/escolalavilapalamos\/wp-json\/wp\/v2\/media?parent=4678"}],"wp:term":[{"taxonomy":"category","embeddable":true,"href":"https:\/\/agora.xtec.cat\/escolalavilapalamos\/wp-json\/wp\/v2\/categories?post=4678"},{"taxonomy":"post_tag","embeddable":true,"href":"https:\/\/agora.xtec.cat\/escolalavilapalamos\/wp-json\/wp\/v2\/tags?post=4678"}],"curies":[{"name":"wp","href":"https:\/\/api.w.org\/{rel}","templated":true}]}}