{"id":4649,"date":"2019-02-06T11:31:09","date_gmt":"2019-02-06T10:31:09","guid":{"rendered":"http:\/\/agora.xtec.cat\/escolalavilapalamos\/?p=4649"},"modified":"2019-02-21T15:37:24","modified_gmt":"2019-02-21T14:37:24","slug":"visita-a-lajuntament-de-palamos-2","status":"publish","type":"post","link":"https:\/\/agora.xtec.cat\/escolalavilapalamos\/general\/visita-a-lajuntament-de-palamos-2\/","title":{"rendered":"Visita a l&#8217;Ajuntament de Palam\u00f3s"},"content":{"rendered":"<h5>Reporters La Vila<\/h5>\n<p>El proper <strong>dijous 7 de febrer al mat\u00ed<\/strong> els nens i nenes de P5 visitaran l&#8217;Ajuntament de Palam\u00f3s.<\/p>\n<p>Aquest curs estem fent el projecte de Palam\u00f3s i volem con\u00e8ixer la casa de la Vila.<\/p>\n<p><a href=\"https:\/\/agora.xtec.cat\/escolalavilapalamos\/wp-content\/uploads\/usu897\/2018\/03\/ajuntament.jpg\"><img loading=\"lazy\" decoding=\"async\" class=\"size-full wp-image-2580 alignleft\" src=\"https:\/\/agora.xtec.cat\/escolalavilapalamos\/wp-content\/uploads\/usu897\/2018\/03\/ajuntament.jpg\" alt=\"\" width=\"194\" height=\"259\" \/><\/a>Anirem a veure l&#8217;alcalde,Llu\u00eds Puig i a la regidora\u00a0d&#8217;ensenyament, Nat\u00e0lia Casellas. Ens ensenyaran l&#8217;edifici\u00a0 per fora i per dintre i parlem amb l&#8217;alcalde a la sala de plens.<\/p>\n<p>La\u00a0<b>Casa de la Vila<\/b>\u00a0\u00e9s la seu de l&#8217;ajuntament\u00a0del municipi de\u00a0Palam\u00f3s\u00a0(Baix Empord\u00e0) incl\u00f2s a l&#8217;Inventari del Patrimoni Arquitect\u00f2nic de Catalunya. L&#8217;edifici de la casa de la Vila va ser bastit l&#8217;any 1906, data que hi figura a la llinda de la porta d&#8217;acc\u00e9s. Edifici entre mitgeres que fa cantonada entre els carrers Major i Mauri i Vilar. T\u00e9 planta quadrangular, amb planta baixa i un pis. \u00c9s molt remarcable la fa\u00e7ana d&#8217;acc\u00e9s; a la planta baixa hi ha una gran porta rectangular emmarcada amb\u00a0pilastres\u00a0de\u00a0fust\u00a0acanalat i\u00a0capitell\u00a0corinti. La\u00a0llinda\u00a0mostra decoraci\u00f3 floral i clau central amb la data del 1906. El primer pis \u00e9s ocupat per un balc\u00f3 de pedra amb barana de balustres sostingut per\u00a0m\u00e8nsules, amb una gran obertura allindada dividida en tres parts per dos pilars i amb una decoraci\u00f3 a l&#8217;emmarcament similar a la de la planta baixa i un\u00a0front\u00f3\u00a0on hi ha l&#8217;escut de la vila. S\u00f3n tamb\u00e9 elements dignes d&#8217;esment la sala de sessions, amb\u00a0motllures, aix\u00ed com els detalls\u00a0modernistes\u00a0de l&#8217;escala d&#8217;acc\u00e9s al primer pis.<\/p>\n<p>https:\/\/youtu.be\/uIQUerS_sgM<\/p>\n<p>M\u00e9s informaci\u00f3 a <a href=\"http:\/\/www.palamos.cat\/\">l&#8217;Ajuntament de Palam\u00f3s\u00a0<\/a><\/p>\n","protected":false},"excerpt":{"rendered":"<p>Reporters La Vila<br \/>\nEl proper dijous 7 de febrer al mat\u00ed els nens i nenes de P5 visitaran l&#8217;Ajuntament de Palam\u00f3s.<br \/>\nAquest curs estem fent el projecte de Palam\u00f3s i volem con\u00e8ixer la casa de la Vila.<br \/>\n<a href=\"https:\/\/agora.xtec.cat\/escolalavilapalamos\/wp-content\/uploads\/usu897\/2018\/03\/ajuntament.jpg\"><\/a>Anirem a veure l&#8217;alcalde,Llu\u00eds Puig i a la regidora\u00a0d&#8217;ensenyament, Nat\u00e0lia&hellip;  <a href=\"https:\/\/agora.xtec.cat\/escolalavilapalamos\/general\/visita-a-lajuntament-de-palamos-2\/\" title=\"Read Visita a l&#8217;Ajuntament de Palam\u00f3s\">Llegeix m\u00e9s\u00bb<\/a><\/p>\n","protected":false},"author":171,"featured_media":2580,"comment_status":"open","ping_status":"closed","sticky":false,"template":"","format":"standard","meta":{"_bbp_topic_count":0,"_bbp_reply_count":0,"_bbp_total_topic_count":0,"_bbp_total_reply_count":0,"_bbp_voice_count":0,"_bbp_anonymous_reply_count":0,"_bbp_topic_count_hidden":0,"_bbp_reply_count_hidden":0,"_bbp_forum_subforum_count":0,"footnotes":""},"categories":[2,1,4],"tags":[],"class_list":["post-4649","post","type-post","status-publish","format-standard","has-post-thumbnail","hentry","category-infantil","category-general","category-portada"],"post_mailing_queue_ids":[],"_links":{"self":[{"href":"https:\/\/agora.xtec.cat\/escolalavilapalamos\/wp-json\/wp\/v2\/posts\/4649","targetHints":{"allow":["GET"]}}],"collection":[{"href":"https:\/\/agora.xtec.cat\/escolalavilapalamos\/wp-json\/wp\/v2\/posts"}],"about":[{"href":"https:\/\/agora.xtec.cat\/escolalavilapalamos\/wp-json\/wp\/v2\/types\/post"}],"author":[{"embeddable":true,"href":"https:\/\/agora.xtec.cat\/escolalavilapalamos\/wp-json\/wp\/v2\/users\/171"}],"replies":[{"embeddable":true,"href":"https:\/\/agora.xtec.cat\/escolalavilapalamos\/wp-json\/wp\/v2\/comments?post=4649"}],"version-history":[{"count":4,"href":"https:\/\/agora.xtec.cat\/escolalavilapalamos\/wp-json\/wp\/v2\/posts\/4649\/revisions"}],"predecessor-version":[{"id":5140,"href":"https:\/\/agora.xtec.cat\/escolalavilapalamos\/wp-json\/wp\/v2\/posts\/4649\/revisions\/5140"}],"wp:featuredmedia":[{"embeddable":true,"href":"https:\/\/agora.xtec.cat\/escolalavilapalamos\/wp-json\/wp\/v2\/media\/2580"}],"wp:attachment":[{"href":"https:\/\/agora.xtec.cat\/escolalavilapalamos\/wp-json\/wp\/v2\/media?parent=4649"}],"wp:term":[{"taxonomy":"category","embeddable":true,"href":"https:\/\/agora.xtec.cat\/escolalavilapalamos\/wp-json\/wp\/v2\/categories?post=4649"},{"taxonomy":"post_tag","embeddable":true,"href":"https:\/\/agora.xtec.cat\/escolalavilapalamos\/wp-json\/wp\/v2\/tags?post=4649"}],"curies":[{"name":"wp","href":"https:\/\/api.w.org\/{rel}","templated":true}]}}