{"id":4647,"date":"2019-03-22T12:51:58","date_gmt":"2019-03-22T11:51:58","guid":{"rendered":"http:\/\/agora.xtec.cat\/escolalavilapalamos\/?p=4647"},"modified":"2019-04-01T17:05:47","modified_gmt":"2019-04-01T15:05:47","slug":"xerrada-sobre-els-refugiats","status":"publish","type":"post","link":"https:\/\/agora.xtec.cat\/escolalavilapalamos\/general\/xerrada-sobre-els-refugiats\/","title":{"rendered":"Xerrada sobre els refugiats"},"content":{"rendered":"<h5>Reporters la vila<\/h5>\n<p><a href=\"https:\/\/agora.xtec.cat\/escolalavilapalamos\/wp-content\/uploads\/usu897\/2019\/02\/siria-01.jpg\"><img loading=\"lazy\" decoding=\"async\" class=\"wp-image-4767 alignright\" src=\"https:\/\/agora.xtec.cat\/escolalavilapalamos\/wp-content\/uploads\/usu897\/2019\/02\/siria-01.jpg\" alt=\"\" width=\"423\" height=\"282\" srcset=\"https:\/\/agora.xtec.cat\/escolalavilapalamos\/wp-content\/uploads\/usu897\/2019\/02\/siria-01.jpg 639w, https:\/\/agora.xtec.cat\/escolalavilapalamos\/wp-content\/uploads\/usu897\/2019\/02\/siria-01-300x200.jpg 300w\" sizes=\"auto, (max-width: 423px) 100vw, 423px\" \/><\/a>El proper divendres 29 de mar\u00e7 vindran a l&#8217;escola a fer una <strong>xerrada sobre els refugiats <\/strong>als alumnes de 5\u00e8 i 6\u00e8. Parlaran de l&#8217;ONG Proem-aid ( Professional Emergency Aid ), i ser\u00e0 a les 9:15 del mat\u00ed. La xerrada la portar\u00e0 en Coke, un bomber amic de la Montse Platja, mestra de l&#8217;escola.<\/p>\n<p>L&#8217;ONG Proem-aid ( Professional Emergency Aid ) \u00e9s una ONG de rescat espanyola. Des de Lesbos, s&#8217;ajuda als\u00a0<a class=\"twitter-hashtag pretty-link js-nav\" dir=\"ltr\" href=\"https:\/\/twitter.com\/hashtag\/refugiados?src=hash\" data-query-source=\"hashtag_click\"><s>#<\/s><b>refugiats<\/b><\/a>\u00a0que creuen el mar Egeu per evitar m\u00e9s morts al mar.<\/p>\n<p><iframe loading=\"lazy\" title=\"Xerrada sobre els refugiats\" width=\"500\" height=\"281\" src=\"https:\/\/www.youtube.com\/embed\/2La1yOU_mQs?feature=oembed\" frameborder=\"0\" allow=\"accelerometer; autoplay; clipboard-write; encrypted-media; gyroscope; picture-in-picture; web-share\" referrerpolicy=\"strict-origin-when-cross-origin\" allowfullscreen><\/iframe><\/p>\n","protected":false},"excerpt":{"rendered":"<p>Reporters la vila<br \/>\n<a href=\"https:\/\/agora.xtec.cat\/escolalavilapalamos\/wp-content\/uploads\/usu897\/2019\/02\/siria-01.jpg\"><\/a>El proper divendres 29 de mar\u00e7 vindran a l&#8217;escola a fer una xerrada sobre els refugiats als alumnes de 5\u00e8 i 6\u00e8. Parlaran de l&#8217;ONG Proem-aid ( Professional Emergency Aid ), i ser\u00e0 a les 9:15 del mat\u00ed. La xerrada la portar\u00e0&hellip;  <a href=\"https:\/\/agora.xtec.cat\/escolalavilapalamos\/general\/xerrada-sobre-els-refugiats\/\" title=\"Read Xerrada sobre els refugiats\">Llegeix m\u00e9s\u00bb<\/a><\/p>\n","protected":false},"author":171,"featured_media":4844,"comment_status":"open","ping_status":"closed","sticky":false,"template":"","format":"standard","meta":{"_bbp_topic_count":0,"_bbp_reply_count":0,"_bbp_total_topic_count":0,"_bbp_total_reply_count":0,"_bbp_voice_count":0,"_bbp_anonymous_reply_count":0,"_bbp_topic_count_hidden":0,"_bbp_reply_count_hidden":0,"_bbp_forum_subforum_count":0,"footnotes":""},"categories":[128,1,4,5],"tags":[],"class_list":["post-4647","post","type-post","status-publish","format-standard","has-post-thumbnail","hentry","category-comunitat-de-grans","category-general","category-portada","category-primaria"],"post_mailing_queue_ids":[],"_links":{"self":[{"href":"https:\/\/agora.xtec.cat\/escolalavilapalamos\/wp-json\/wp\/v2\/posts\/4647","targetHints":{"allow":["GET"]}}],"collection":[{"href":"https:\/\/agora.xtec.cat\/escolalavilapalamos\/wp-json\/wp\/v2\/posts"}],"about":[{"href":"https:\/\/agora.xtec.cat\/escolalavilapalamos\/wp-json\/wp\/v2\/types\/post"}],"author":[{"embeddable":true,"href":"https:\/\/agora.xtec.cat\/escolalavilapalamos\/wp-json\/wp\/v2\/users\/171"}],"replies":[{"embeddable":true,"href":"https:\/\/agora.xtec.cat\/escolalavilapalamos\/wp-json\/wp\/v2\/comments?post=4647"}],"version-history":[{"count":4,"href":"https:\/\/agora.xtec.cat\/escolalavilapalamos\/wp-json\/wp\/v2\/posts\/4647\/revisions"}],"predecessor-version":[{"id":5648,"href":"https:\/\/agora.xtec.cat\/escolalavilapalamos\/wp-json\/wp\/v2\/posts\/4647\/revisions\/5648"}],"wp:featuredmedia":[{"embeddable":true,"href":"https:\/\/agora.xtec.cat\/escolalavilapalamos\/wp-json\/wp\/v2\/media\/4844"}],"wp:attachment":[{"href":"https:\/\/agora.xtec.cat\/escolalavilapalamos\/wp-json\/wp\/v2\/media?parent=4647"}],"wp:term":[{"taxonomy":"category","embeddable":true,"href":"https:\/\/agora.xtec.cat\/escolalavilapalamos\/wp-json\/wp\/v2\/categories?post=4647"},{"taxonomy":"post_tag","embeddable":true,"href":"https:\/\/agora.xtec.cat\/escolalavilapalamos\/wp-json\/wp\/v2\/tags?post=4647"}],"curies":[{"name":"wp","href":"https:\/\/api.w.org\/{rel}","templated":true}]}}