{"id":4642,"date":"2019-01-30T09:08:27","date_gmt":"2019-01-30T08:08:27","guid":{"rendered":"http:\/\/agora.xtec.cat\/escolalavilapalamos\/?p=4642"},"modified":"2019-01-31T17:16:18","modified_gmt":"2019-01-31T16:16:18","slug":"acte-de-lliurament-de-la-fira-nadalenca","status":"publish","type":"post","link":"https:\/\/agora.xtec.cat\/escolalavilapalamos\/general\/acte-de-lliurament-de-la-fira-nadalenca\/","title":{"rendered":"Acte de lliurament de la Fira nadalenca"},"content":{"rendered":"<p><a href=\"https:\/\/agora.xtec.cat\/escolalavilapalamos\/wp-content\/uploads\/usu897\/2019\/01\/Festa-nadalenca.jpg\"><img loading=\"lazy\" decoding=\"async\" class=\"wp-image-4643 aligncenter\" src=\"https:\/\/agora.xtec.cat\/escolalavilapalamos\/wp-content\/uploads\/usu897\/2019\/01\/Festa-nadalenca-1024x683.jpg\" alt=\"\" width=\"516\" height=\"344\" srcset=\"https:\/\/agora.xtec.cat\/escolalavilapalamos\/wp-content\/uploads\/usu897\/2019\/01\/Festa-nadalenca-1024x683.jpg 1024w, https:\/\/agora.xtec.cat\/escolalavilapalamos\/wp-content\/uploads\/usu897\/2019\/01\/Festa-nadalenca-300x200.jpg 300w, https:\/\/agora.xtec.cat\/escolalavilapalamos\/wp-content\/uploads\/usu897\/2019\/01\/Festa-nadalenca-768x512.jpg 768w, https:\/\/agora.xtec.cat\/escolalavilapalamos\/wp-content\/uploads\/usu897\/2019\/01\/Festa-nadalenca.jpg 2048w\" sizes=\"auto, (max-width: 516px) 100vw, 516px\" \/><\/a><\/p>\n<p>La Fira Nadalenca de <a class=\"_58cn\" href=\"https:\/\/www.facebook.com\/hashtag\/palam%C3%B3s?source=feed_text&amp;epa=HASHTAG&amp;__xts__%5B0%5D=68.ARBFgUl_1yEaeQSPZ2PvQ9fdCC1SMMR-9PZXOM58hKiNGZht4vZlNsPn_7yoKZqolaqn7dRpKQFkwni_ZoTl-ASQOZxkRlYfZLm7ixuIWapPgJGe4MKcM7aUGAWMzd879w-1FBDSlXaDAgjwRY_blCyjLRnnx4VpleltqRjWMW92u5nTEHuxWI7Iwrvn24scH7KsjL2Ll8RM8A-fVWn9n4sNTREEaqmFAda-mpD6WjPEoCEmnn7GJNRjJZdFqsk-94R5WN7gSj0zc_cqjVKGv1r0SyflHbzXbdWPVF3azY2_SRcajMrV4uylfKVr_c0FDdnZvY0-OYdY7gq_8EgPiliDn4E&amp;__tn__=%2ANKH-R\" data-ft=\"{&quot;type&quot;:104,&quot;tn&quot;:&quot;*N&quot;}\"><span class=\"_5afx\"><span class=\"_58cl _5afz\" aria-label=\"etiqueta\">#<\/span><span class=\"_58cm\">Palam\u00f3s<\/span><\/span><\/a> fa lliurament de 13.100 \u20ac per a projectes adre\u00e7ats a persones discapacitades ps\u00edquiques de la comarca.<\/p>\n<p>L\u2019acte va tenir lloc d<span class=\"text_exposed_show\">illuns 28 de gener al Mas del Vent, i va comptar amb la pres\u00e8ncia de representants de diverses associacions, escoles i empreses del municipi que col\u2022laboren en l\u2019organitzaci\u00f3 de la fira. <\/span><\/p>\n<div class=\"text_exposed_show\">\n<p>Aquesta quantitat econ\u00f2mica ha estat destinada a dos projectes diferents que lideren l\u2019Ampa de l&#8217;escola Els \u00c0ngels i l&#8217;Associaci\u00f3 Pots.<\/p>\n<p>L\u2019Associaci\u00f3 Fira Nadalenca agraeix la col\u2022laboraci\u00f3 de tot el municipi mitjan\u00e7ant la qual es fomenta cada any a la vila els valors de la solidaritat en benefici de les persones amb discapacitats ps\u00edquiques de la comarca.<\/p>\n<\/div>\n","protected":false},"excerpt":{"rendered":"<p><a href=\"https:\/\/agora.xtec.cat\/escolalavilapalamos\/wp-content\/uploads\/usu897\/2019\/01\/Festa-nadalenca.jpg\"><\/a><br \/>\nLa Fira Nadalenca de <a class=\"_58cn\" href=\"https:\/\/www.facebook.com\/hashtag\/palam%C3%B3s?source=feed_text&amp;epa=HASHTAG&amp;__xts__%5B0%5D=68.ARBFgUl_1yEaeQSPZ2PvQ9fdCC1SMMR-9PZXOM58hKiNGZht4vZlNsPn_7yoKZqolaqn7dRpKQFkwni_ZoTl-ASQOZxkRlYfZLm7ixuIWapPgJGe4MKcM7aUGAWMzd879w-1FBDSlXaDAgjwRY_blCyjLRnnx4VpleltqRjWMW92u5nTEHuxWI7Iwrvn24scH7KsjL2Ll8RM8A-fVWn9n4sNTREEaqmFAda-mpD6WjPEoCEmnn7GJNRjJZdFqsk-94R5WN7gSj0zc_cqjVKGv1r0SyflHbzXbdWPVF3azY2_SRcajMrV4uylfKVr_c0FDdnZvY0-OYdY7gq_8EgPiliDn4E&amp;__tn__=%2ANKH-R\" data-ft=\"{&quot;type&quot;:104,&quot;tn&quot;:&quot;*N&quot;}\">#Palam\u00f3s<\/a> fa lliurament de 13.100 \u20ac per a projectes adre\u00e7ats a persones discapacitades ps\u00edquiques de la comarca.<br \/>\nL\u2019acte va tenir lloc dilluns 28 de gener al Mas del Vent, i va comptar amb la pres\u00e8ncia de representants de&hellip;  <a href=\"https:\/\/agora.xtec.cat\/escolalavilapalamos\/general\/acte-de-lliurament-de-la-fira-nadalenca\/\" title=\"Read Acte de lliurament de la Fira nadalenca\">Llegeix m\u00e9s\u00bb<\/a><\/p>\n","protected":false},"author":1,"featured_media":4643,"comment_status":"open","ping_status":"closed","sticky":false,"template":"","format":"standard","meta":{"_bbp_topic_count":0,"_bbp_reply_count":0,"_bbp_total_topic_count":0,"_bbp_total_reply_count":0,"_bbp_voice_count":0,"_bbp_anonymous_reply_count":0,"_bbp_topic_count_hidden":0,"_bbp_reply_count_hidden":0,"_bbp_forum_subforum_count":0,"footnotes":""},"categories":[1,4],"tags":[],"class_list":["post-4642","post","type-post","status-publish","format-standard","has-post-thumbnail","hentry","category-general","category-portada"],"post_mailing_queue_ids":[],"_links":{"self":[{"href":"https:\/\/agora.xtec.cat\/escolalavilapalamos\/wp-json\/wp\/v2\/posts\/4642","targetHints":{"allow":["GET"]}}],"collection":[{"href":"https:\/\/agora.xtec.cat\/escolalavilapalamos\/wp-json\/wp\/v2\/posts"}],"about":[{"href":"https:\/\/agora.xtec.cat\/escolalavilapalamos\/wp-json\/wp\/v2\/types\/post"}],"author":[{"embeddable":true,"href":"https:\/\/agora.xtec.cat\/escolalavilapalamos\/wp-json\/wp\/v2\/users\/1"}],"replies":[{"embeddable":true,"href":"https:\/\/agora.xtec.cat\/escolalavilapalamos\/wp-json\/wp\/v2\/comments?post=4642"}],"version-history":[{"count":3,"href":"https:\/\/agora.xtec.cat\/escolalavilapalamos\/wp-json\/wp\/v2\/posts\/4642\/revisions"}],"predecessor-version":[{"id":4677,"href":"https:\/\/agora.xtec.cat\/escolalavilapalamos\/wp-json\/wp\/v2\/posts\/4642\/revisions\/4677"}],"wp:featuredmedia":[{"embeddable":true,"href":"https:\/\/agora.xtec.cat\/escolalavilapalamos\/wp-json\/wp\/v2\/media\/4643"}],"wp:attachment":[{"href":"https:\/\/agora.xtec.cat\/escolalavilapalamos\/wp-json\/wp\/v2\/media?parent=4642"}],"wp:term":[{"taxonomy":"category","embeddable":true,"href":"https:\/\/agora.xtec.cat\/escolalavilapalamos\/wp-json\/wp\/v2\/categories?post=4642"},{"taxonomy":"post_tag","embeddable":true,"href":"https:\/\/agora.xtec.cat\/escolalavilapalamos\/wp-json\/wp\/v2\/tags?post=4642"}],"curies":[{"name":"wp","href":"https:\/\/api.w.org\/{rel}","templated":true}]}}