{"id":4598,"date":"2019-02-05T11:37:50","date_gmt":"2019-02-05T10:37:50","guid":{"rendered":"http:\/\/agora.xtec.cat\/escolalavilapalamos\/?p=4598"},"modified":"2019-02-14T17:37:28","modified_gmt":"2019-02-14T16:37:28","slug":"xviie-concurs-de-dibuix-de-punts-de-llibre","status":"publish","type":"post","link":"https:\/\/agora.xtec.cat\/escolalavilapalamos\/general\/xviie-concurs-de-dibuix-de-punts-de-llibre\/","title":{"rendered":"XVII\u00e8  Concurs de dibuix de punts de llibre"},"content":{"rendered":"<h5 style=\"text-align: left;\"><a href=\"https:\/\/agora.xtec.cat\/escolalavilapalamos\/wp-content\/uploads\/usu897\/2019\/01\/tresor.jpg\"><img loading=\"lazy\" decoding=\"async\" class=\"wp-image-4616 alignleft\" src=\"https:\/\/agora.xtec.cat\/escolalavilapalamos\/wp-content\/uploads\/usu897\/2019\/01\/tresor-1024x694.jpg\" alt=\"\" width=\"511\" height=\"346\" srcset=\"https:\/\/agora.xtec.cat\/escolalavilapalamos\/wp-content\/uploads\/usu897\/2019\/01\/tresor-1024x694.jpg 1024w, https:\/\/agora.xtec.cat\/escolalavilapalamos\/wp-content\/uploads\/usu897\/2019\/01\/tresor-300x203.jpg 300w, https:\/\/agora.xtec.cat\/escolalavilapalamos\/wp-content\/uploads\/usu897\/2019\/01\/tresor-768x520.jpg 768w, https:\/\/agora.xtec.cat\/escolalavilapalamos\/wp-content\/uploads\/usu897\/2019\/01\/tresor.jpg 1500w\" sizes=\"auto, (max-width: 511px) 100vw, 511px\" \/><\/a>Reporters La Vila<\/h5>\n<p style=\"text-align: left;\">La Biblioteca de Palam\u00f3s organitza una nova edici\u00f3 del <strong>Concurs de dibuix de punts de llibre de Sant Jordi.<\/strong><\/p>\n<p>La proposta d&#8217;aquest any \u00e9s l&#8217; obra l&#8217;<em>Illa del Tresor<\/em> de <strong>Robert Louis Stevenson (1850-1894)<\/strong>, en commemoraci\u00f3 del 125\u00e8 aniversari de la mort de l&#8217;autor.<\/p>\n<p style=\"text-align: left;\">El dia de Sant Jordi es dona el premi del punt de llibre i els nens i nenes de l&#8217; Escola La Vila hi participem cada any. Els alumnes de 1r a 6\u00e8 participen en el concurs de punts de llibre. Hi ha dues categories: 1a categoria de 6 a 8 anys i 2a categoria de 9 a 12 anys. Cada concursant pot presentar un \u00fanic punt de llibre fins el 22 de febrer de 2019.<\/p>\n<p><a href=\"https:\/\/ca.wikipedia.org\/wiki\/Robert_Louis_Stevenson\">Qui era Robert Louis Stevenson. <\/a>Podeu llegir el primer cap\u00edtol de l&#8217;illa del tresor <a href=\"https:\/\/www.anayainfantilyjuvenil.com\/catalogos\/capitulos_promocion\/IJ00410401_9999982557.pdf\">aqu\u00ed\u00a0<\/a><\/p>\n<p>El mes de mar\u00e7 estaran exposats a la Biblioteca i es podr\u00e0 votar pels\/per les guanyadors\/es que sortiran el dia de Sant Jordi. Aneu a la Biblioteca de Palam\u00f3s i agafeu mostres del llibre L&#8217;illa del tresor, un dels llibres m\u00e9s famosos de la literatura universal de tots els temps. Hi ha una bona selecci\u00f3 de llibres exposats.<\/p>\n<p>&nbsp;<\/p>\n<p>&nbsp;<\/p>\n<p>&nbsp;<\/p>\n<p>&nbsp;<\/p>\n","protected":false},"excerpt":{"rendered":"<p><a href=\"https:\/\/agora.xtec.cat\/escolalavilapalamos\/wp-content\/uploads\/usu897\/2019\/01\/tresor.jpg\"><\/a>Reporters La Vila<br \/>\nLa Biblioteca de Palam\u00f3s organitza una nova edici\u00f3 del Concurs de dibuix de punts de llibre de Sant Jordi.<br \/>\nLa proposta d&#8217;aquest any \u00e9s l&#8217; obra l&#8217;Illa del Tresor de Robert Louis Stevenson (1850-1894), en commemoraci\u00f3 del 125\u00e8 aniversari de la mort de&hellip;  <a href=\"https:\/\/agora.xtec.cat\/escolalavilapalamos\/general\/xviie-concurs-de-dibuix-de-punts-de-llibre\/\" title=\"Read XVII\u00e8  Concurs de dibuix de punts de llibre\">Llegeix m\u00e9s\u00bb<\/a><\/p>\n","protected":false},"author":171,"featured_media":4616,"comment_status":"open","ping_status":"closed","sticky":false,"template":"","format":"standard","meta":{"_bbp_topic_count":0,"_bbp_reply_count":0,"_bbp_total_topic_count":0,"_bbp_total_reply_count":0,"_bbp_voice_count":0,"_bbp_anonymous_reply_count":0,"_bbp_topic_count_hidden":0,"_bbp_reply_count_hidden":0,"_bbp_forum_subforum_count":0,"footnotes":""},"categories":[128,127,1,4,5],"tags":[],"class_list":["post-4598","post","type-post","status-publish","format-standard","has-post-thumbnail","hentry","category-comunitat-de-grans","category-comunitat-de-mitjans","category-general","category-portada","category-primaria"],"post_mailing_queue_ids":[],"_links":{"self":[{"href":"https:\/\/agora.xtec.cat\/escolalavilapalamos\/wp-json\/wp\/v2\/posts\/4598","targetHints":{"allow":["GET"]}}],"collection":[{"href":"https:\/\/agora.xtec.cat\/escolalavilapalamos\/wp-json\/wp\/v2\/posts"}],"about":[{"href":"https:\/\/agora.xtec.cat\/escolalavilapalamos\/wp-json\/wp\/v2\/types\/post"}],"author":[{"embeddable":true,"href":"https:\/\/agora.xtec.cat\/escolalavilapalamos\/wp-json\/wp\/v2\/users\/171"}],"replies":[{"embeddable":true,"href":"https:\/\/agora.xtec.cat\/escolalavilapalamos\/wp-json\/wp\/v2\/comments?post=4598"}],"version-history":[{"count":4,"href":"https:\/\/agora.xtec.cat\/escolalavilapalamos\/wp-json\/wp\/v2\/posts\/4598\/revisions"}],"predecessor-version":[{"id":4710,"href":"https:\/\/agora.xtec.cat\/escolalavilapalamos\/wp-json\/wp\/v2\/posts\/4598\/revisions\/4710"}],"wp:featuredmedia":[{"embeddable":true,"href":"https:\/\/agora.xtec.cat\/escolalavilapalamos\/wp-json\/wp\/v2\/media\/4616"}],"wp:attachment":[{"href":"https:\/\/agora.xtec.cat\/escolalavilapalamos\/wp-json\/wp\/v2\/media?parent=4598"}],"wp:term":[{"taxonomy":"category","embeddable":true,"href":"https:\/\/agora.xtec.cat\/escolalavilapalamos\/wp-json\/wp\/v2\/categories?post=4598"},{"taxonomy":"post_tag","embeddable":true,"href":"https:\/\/agora.xtec.cat\/escolalavilapalamos\/wp-json\/wp\/v2\/tags?post=4598"}],"curies":[{"name":"wp","href":"https:\/\/api.w.org\/{rel}","templated":true}]}}