{"id":4597,"date":"2019-10-14T08:00:04","date_gmt":"2019-10-14T06:00:04","guid":{"rendered":"http:\/\/agora.xtec.cat\/escolalavilapalamos\/?p=4597"},"modified":"2019-10-14T10:05:03","modified_gmt":"2019-10-14T08:05:03","slug":"6e-fa-lactivitat-de-viure-entre-muralles","status":"publish","type":"post","link":"https:\/\/agora.xtec.cat\/escolalavilapalamos\/general\/6e-fa-lactivitat-de-viure-entre-muralles\/","title":{"rendered":"6\u00e8  fa l&#8217;activitat de Viure entre muralles"},"content":{"rendered":"<h5>Reporters La Vila<a href=\"https:\/\/agora.xtec.cat\/escolalavilapalamos\/wp-content\/uploads\/usu897\/2019\/01\/22092916-3.jpg\"><img loading=\"lazy\" decoding=\"async\" class=\"wp-image-4623 alignright\" src=\"https:\/\/agora.xtec.cat\/escolalavilapalamos\/wp-content\/uploads\/usu897\/2019\/01\/22092916-3.jpg\" alt=\"\" width=\"332\" height=\"255\" srcset=\"https:\/\/agora.xtec.cat\/escolalavilapalamos\/wp-content\/uploads\/usu897\/2019\/01\/22092916-3.jpg 550w, https:\/\/agora.xtec.cat\/escolalavilapalamos\/wp-content\/uploads\/usu897\/2019\/01\/22092916-3-300x230.jpg 300w\" sizes=\"auto, (max-width: 332px) 100vw, 332px\" \/><\/a><\/h5>\n<p>El proper dimecres 17 d&#8217;octubre 6\u00e8 far\u00e0 l&#8217;activitat <em>Viure entre muralles<\/em>. L&#8217;\u00e0rea de cultura de l&#8217;Ajuntament de Palam\u00f3s fa un recorregut pel municipi i aprenem la hist\u00f2ria del poble. Es tracta d\u2019una visita guiada pel nucli antic de la vila tot seguint les antigues muralles de Palam\u00f3s.<br \/>\n\u00c9s una proposta del Museu de la Pesca que cada any ens ajuda a entendre la riquesa cultural de Palam\u00f3s. Ens guiaran i faran el recorregut de les muralles i la ciutadella.<br \/>\nM\u00e9s informaci\u00f3 de la hist\u00f2ria de Palam\u00f3s a la web <a href=\"http:\/\/gabrielmartinroig.blogspot.com.es\/\">Hist\u00f2ries de Palam\u00f3s i comarques<\/a> de l\u2019historiador Gabriel Mart\u00edn Roig<\/p>\n<p>&nbsp;<\/p>\n","protected":false},"excerpt":{"rendered":"<p>Reporters La Vila<a href=\"https:\/\/agora.xtec.cat\/escolalavilapalamos\/wp-content\/uploads\/usu897\/2019\/01\/22092916-3.jpg\"><\/a><br \/>\nEl proper dimecres 17 d&#8217;octubre 6\u00e8 far\u00e0 l&#8217;activitat Viure entre muralles. L&#8217;\u00e0rea de cultura de l&#8217;Ajuntament de Palam\u00f3s fa un recorregut pel municipi i aprenem la hist\u00f2ria del poble. Es tracta d\u2019una visita guiada pel nucli antic de la vila tot seguint&hellip;  <a href=\"https:\/\/agora.xtec.cat\/escolalavilapalamos\/general\/6e-fa-lactivitat-de-viure-entre-muralles\/\" title=\"Read 6\u00e8  fa l&#8217;activitat de Viure entre muralles\">Llegeix m\u00e9s\u00bb<\/a><\/p>\n","protected":false},"author":171,"featured_media":4623,"comment_status":"open","ping_status":"closed","sticky":false,"template":"","format":"standard","meta":{"_bbp_topic_count":0,"_bbp_reply_count":0,"_bbp_total_topic_count":0,"_bbp_total_reply_count":0,"_bbp_voice_count":0,"_bbp_anonymous_reply_count":0,"_bbp_topic_count_hidden":0,"_bbp_reply_count_hidden":0,"_bbp_forum_subforum_count":0,"footnotes":""},"categories":[128,1,4],"tags":[],"class_list":["post-4597","post","type-post","status-publish","format-standard","has-post-thumbnail","hentry","category-comunitat-de-grans","category-general","category-portada"],"post_mailing_queue_ids":[],"_links":{"self":[{"href":"https:\/\/agora.xtec.cat\/escolalavilapalamos\/wp-json\/wp\/v2\/posts\/4597","targetHints":{"allow":["GET"]}}],"collection":[{"href":"https:\/\/agora.xtec.cat\/escolalavilapalamos\/wp-json\/wp\/v2\/posts"}],"about":[{"href":"https:\/\/agora.xtec.cat\/escolalavilapalamos\/wp-json\/wp\/v2\/types\/post"}],"author":[{"embeddable":true,"href":"https:\/\/agora.xtec.cat\/escolalavilapalamos\/wp-json\/wp\/v2\/users\/171"}],"replies":[{"embeddable":true,"href":"https:\/\/agora.xtec.cat\/escolalavilapalamos\/wp-json\/wp\/v2\/comments?post=4597"}],"version-history":[{"count":3,"href":"https:\/\/agora.xtec.cat\/escolalavilapalamos\/wp-json\/wp\/v2\/posts\/4597\/revisions"}],"predecessor-version":[{"id":6450,"href":"https:\/\/agora.xtec.cat\/escolalavilapalamos\/wp-json\/wp\/v2\/posts\/4597\/revisions\/6450"}],"wp:featuredmedia":[{"embeddable":true,"href":"https:\/\/agora.xtec.cat\/escolalavilapalamos\/wp-json\/wp\/v2\/media\/4623"}],"wp:attachment":[{"href":"https:\/\/agora.xtec.cat\/escolalavilapalamos\/wp-json\/wp\/v2\/media?parent=4597"}],"wp:term":[{"taxonomy":"category","embeddable":true,"href":"https:\/\/agora.xtec.cat\/escolalavilapalamos\/wp-json\/wp\/v2\/categories?post=4597"},{"taxonomy":"post_tag","embeddable":true,"href":"https:\/\/agora.xtec.cat\/escolalavilapalamos\/wp-json\/wp\/v2\/tags?post=4597"}],"curies":[{"name":"wp","href":"https:\/\/api.w.org\/{rel}","templated":true}]}}