{"id":4574,"date":"2019-01-22T12:55:42","date_gmt":"2019-01-22T11:55:42","guid":{"rendered":"http:\/\/agora.xtec.cat\/escolalavilapalamos\/?p=4574"},"modified":"2019-02-05T09:43:15","modified_gmt":"2019-02-05T08:43:15","slug":"exposicio-de-matematiques","status":"publish","type":"post","link":"https:\/\/agora.xtec.cat\/escolalavilapalamos\/general\/exposicio-de-matematiques\/","title":{"rendered":"Exposici\u00f3 de matem\u00e0tiques"},"content":{"rendered":"<p><iframe loading=\"lazy\" src=\"\/\/www.youtube.com\/embed\/leFj-TlkEag\" width=\"560\" height=\"314\" allowfullscreen=\"allowfullscreen\"><\/iframe><\/p>\n<p>El proper <strong>dijous 31 de gener a les 16:45h<\/strong> esteu tots convidats a l&#8217;<strong>exposici\u00f3\/taller de matem\u00e0tiques<\/strong> de la comunitat de mitjans perqu\u00e8 veieu com treballem aquesta \u00e0rea a l&#8217;escola.<a href=\"https:\/\/agora.xtec.cat\/escolalavilapalamos\/wp-content\/uploads\/usu897\/2019\/01\/Expo-de-matem\u00e0tiques.jpg\"><img loading=\"lazy\" decoding=\"async\" class=\"wp-image-4575 alignright\" src=\"https:\/\/agora.xtec.cat\/escolalavilapalamos\/wp-content\/uploads\/usu897\/2019\/01\/Expo-de-matem\u00e0tiques-721x1024.jpg\" alt=\"\" width=\"265\" height=\"377\" srcset=\"https:\/\/agora.xtec.cat\/escolalavilapalamos\/wp-content\/uploads\/usu897\/2019\/01\/Expo-de-matem\u00e0tiques-721x1024.jpg 721w, https:\/\/agora.xtec.cat\/escolalavilapalamos\/wp-content\/uploads\/usu897\/2019\/01\/Expo-de-matem\u00e0tiques-211x300.jpg 211w, https:\/\/agora.xtec.cat\/escolalavilapalamos\/wp-content\/uploads\/usu897\/2019\/01\/Expo-de-matem\u00e0tiques-768x1091.jpg 768w, https:\/\/agora.xtec.cat\/escolalavilapalamos\/wp-content\/uploads\/usu897\/2019\/01\/Expo-de-matem\u00e0tiques.jpg 980w\" sizes=\"auto, (max-width: 265px) 100vw, 265px\" \/><\/a><\/p>\n<p>L\u2019escola fa uns anys que est\u00e0 canviant la manera de treballar, sobretot en l\u2019\u00e0mbit matem\u00e0tic. Sabem que molts de vosaltres esteu intetessats en saber com aprenen els vostres fills\/es, \u00e9s per aix\u00f2 que us oferim venir dijous a la tarda a l\u2019exposici\u00f3\/taller de mates!<\/p>\n","protected":false},"excerpt":{"rendered":"<p>El proper dijous 31 de gener a les 16:45h esteu tots convidats a l&#8217;exposici\u00f3\/taller de matem\u00e0tiques de la comunitat de mitjans perqu\u00e8 veieu com treballem aquesta \u00e0rea a l&#8217;escola.<a href=\"https:\/\/agora.xtec.cat\/escolalavilapalamos\/wp-content\/uploads\/usu897\/2019\/01\/Expo-de-matem\u00e0tiques.jpg\"><\/a><br \/>\nL\u2019escola fa uns anys que est\u00e0 canviant la manera de treballar, sobretot en l\u2019\u00e0mbit matem\u00e0tic. Sabem&hellip;  <a href=\"https:\/\/agora.xtec.cat\/escolalavilapalamos\/general\/exposicio-de-matematiques\/\" title=\"Read Exposici\u00f3 de matem\u00e0tiques\">Llegeix m\u00e9s\u00bb<\/a><\/p>\n","protected":false},"author":1,"featured_media":4575,"comment_status":"open","ping_status":"closed","sticky":false,"template":"","format":"standard","meta":{"_bbp_topic_count":0,"_bbp_reply_count":0,"_bbp_total_topic_count":0,"_bbp_total_reply_count":0,"_bbp_voice_count":0,"_bbp_anonymous_reply_count":0,"_bbp_topic_count_hidden":0,"_bbp_reply_count_hidden":0,"_bbp_forum_subforum_count":0,"footnotes":""},"categories":[127,1,4,5],"tags":[],"class_list":["post-4574","post","type-post","status-publish","format-standard","has-post-thumbnail","hentry","category-comunitat-de-mitjans","category-general","category-portada","category-primaria"],"post_mailing_queue_ids":[],"_links":{"self":[{"href":"https:\/\/agora.xtec.cat\/escolalavilapalamos\/wp-json\/wp\/v2\/posts\/4574","targetHints":{"allow":["GET"]}}],"collection":[{"href":"https:\/\/agora.xtec.cat\/escolalavilapalamos\/wp-json\/wp\/v2\/posts"}],"about":[{"href":"https:\/\/agora.xtec.cat\/escolalavilapalamos\/wp-json\/wp\/v2\/types\/post"}],"author":[{"embeddable":true,"href":"https:\/\/agora.xtec.cat\/escolalavilapalamos\/wp-json\/wp\/v2\/users\/1"}],"replies":[{"embeddable":true,"href":"https:\/\/agora.xtec.cat\/escolalavilapalamos\/wp-json\/wp\/v2\/comments?post=4574"}],"version-history":[{"count":3,"href":"https:\/\/agora.xtec.cat\/escolalavilapalamos\/wp-json\/wp\/v2\/posts\/4574\/revisions"}],"predecessor-version":[{"id":4690,"href":"https:\/\/agora.xtec.cat\/escolalavilapalamos\/wp-json\/wp\/v2\/posts\/4574\/revisions\/4690"}],"wp:featuredmedia":[{"embeddable":true,"href":"https:\/\/agora.xtec.cat\/escolalavilapalamos\/wp-json\/wp\/v2\/media\/4575"}],"wp:attachment":[{"href":"https:\/\/agora.xtec.cat\/escolalavilapalamos\/wp-json\/wp\/v2\/media?parent=4574"}],"wp:term":[{"taxonomy":"category","embeddable":true,"href":"https:\/\/agora.xtec.cat\/escolalavilapalamos\/wp-json\/wp\/v2\/categories?post=4574"},{"taxonomy":"post_tag","embeddable":true,"href":"https:\/\/agora.xtec.cat\/escolalavilapalamos\/wp-json\/wp\/v2\/tags?post=4574"}],"curies":[{"name":"wp","href":"https:\/\/api.w.org\/{rel}","templated":true}]}}