{"id":455,"date":"2018-12-10T10:52:09","date_gmt":"2018-12-10T09:52:09","guid":{"rendered":"http:\/\/agora.xtec.cat\/escolalavilapalamos\/?p=455"},"modified":"2018-12-10T15:09:44","modified_gmt":"2018-12-10T14:09:44","slug":"avaluacio-del-1r-trimestre-del-curs-16-17","status":"publish","type":"post","link":"https:\/\/agora.xtec.cat\/escolalavilapalamos\/general\/avaluacio-del-1r-trimestre-del-curs-16-17\/","title":{"rendered":"Avaluaci\u00f3 del 1r trimestre del curs 18-19"},"content":{"rendered":"<p><a href=\"http:\/\/agora.xtec.cat\/escolalavilapalamos\/wp-content\/uploads\/usu897\/2016\/12\/12_09_2011_09_30_42_Jornada.jpg\"><img loading=\"lazy\" decoding=\"async\" class=\" wp-image-457 alignright\" src=\"http:\/\/agora.xtec.cat\/escolalavilapalamos\/wp-content\/uploads\/usu897\/2016\/12\/12_09_2011_09_30_42_Jornada.jpg\" alt=\"12_09_2011_09_30_42_jornada\" width=\"216\" height=\"231\" srcset=\"https:\/\/agora.xtec.cat\/escolalavilapalamos\/wp-content\/uploads\/usu897\/2016\/12\/12_09_2011_09_30_42_Jornada.jpg 290w, https:\/\/agora.xtec.cat\/escolalavilapalamos\/wp-content\/uploads\/usu897\/2016\/12\/12_09_2011_09_30_42_Jornada-281x300.jpg 281w\" sizes=\"auto, (max-width: 216px) 100vw, 216px\" \/><\/a><\/p>\n<p>Aquest curs 2018-19\u00a0 l&#8217;entrega dels informes i entrevistes amb les fam\u00edlies es far\u00e0 el mes de gener.<\/p>\n<p>Del 21 de gener a l&#8217;1 de febrer els\/les mestres tutors\/es entregaran <strong>l&#8217; informe del 1r trimestre de tots\/es els\/les alumnes d&#8217; Infantil i Prim\u00e0ria<\/strong>.<br \/>\nL&#8217;entrega es a fa a partir d&#8217; una entrevista personal amb les fam\u00edlies. Despr\u00e9s de Nadal, els\/les mestres acordaran amb pares i mares el dia i hora d&#8217;entrega de les notes a trav\u00e9s de l&#8217; agenda.<\/p>\n<p>M\u00e9s informaci\u00f3 sobre l&#8217;avaluaci\u00f3 a la <a href=\"http:\/\/familiaiescola.gencat.cat\/ca\/escolaritat\/etapes-educatives\/educacio-primaria\/\">web del Departament d&#8217;Ensenyament<\/a><\/p>\n","protected":false},"excerpt":{"rendered":"<p><a href=\"http:\/\/agora.xtec.cat\/escolalavilapalamos\/wp-content\/uploads\/usu897\/2016\/12\/12_09_2011_09_30_42_Jornada.jpg\"><\/a><br \/>\nAquest curs 2018-19\u00a0 l&#8217;entrega dels informes i entrevistes amb les fam\u00edlies es far\u00e0 el mes de gener.<br \/>\nDel 21 de gener a l&#8217;1 de febrer els\/les mestres tutors\/es entregaran l&#8217; informe del 1r trimestre de tots\/es els\/les alumnes d&#8217; Infantil i Prim\u00e0ria.<br \/>\nL&#8217;entrega es a fa&hellip;  <a href=\"https:\/\/agora.xtec.cat\/escolalavilapalamos\/general\/avaluacio-del-1r-trimestre-del-curs-16-17\/\" title=\"Read Avaluaci\u00f3 del 1r trimestre del curs 18-19\">Llegeix m\u00e9s\u00bb<\/a><\/p>\n","protected":false},"author":1,"featured_media":457,"comment_status":"open","ping_status":"closed","sticky":false,"template":"","format":"standard","meta":{"_bbp_topic_count":0,"_bbp_reply_count":0,"_bbp_total_topic_count":0,"_bbp_total_reply_count":0,"_bbp_voice_count":0,"_bbp_anonymous_reply_count":0,"_bbp_topic_count_hidden":0,"_bbp_reply_count_hidden":0,"_bbp_forum_subforum_count":0,"footnotes":""},"categories":[2,1,4,5],"tags":[47],"class_list":["post-455","post","type-post","status-publish","format-standard","has-post-thumbnail","hentry","category-infantil","category-general","category-portada","category-primaria","tag-avaluacio"],"post_mailing_queue_ids":[],"_links":{"self":[{"href":"https:\/\/agora.xtec.cat\/escolalavilapalamos\/wp-json\/wp\/v2\/posts\/455","targetHints":{"allow":["GET"]}}],"collection":[{"href":"https:\/\/agora.xtec.cat\/escolalavilapalamos\/wp-json\/wp\/v2\/posts"}],"about":[{"href":"https:\/\/agora.xtec.cat\/escolalavilapalamos\/wp-json\/wp\/v2\/types\/post"}],"author":[{"embeddable":true,"href":"https:\/\/agora.xtec.cat\/escolalavilapalamos\/wp-json\/wp\/v2\/users\/1"}],"replies":[{"embeddable":true,"href":"https:\/\/agora.xtec.cat\/escolalavilapalamos\/wp-json\/wp\/v2\/comments?post=455"}],"version-history":[{"count":3,"href":"https:\/\/agora.xtec.cat\/escolalavilapalamos\/wp-json\/wp\/v2\/posts\/455\/revisions"}],"predecessor-version":[{"id":4415,"href":"https:\/\/agora.xtec.cat\/escolalavilapalamos\/wp-json\/wp\/v2\/posts\/455\/revisions\/4415"}],"wp:featuredmedia":[{"embeddable":true,"href":"https:\/\/agora.xtec.cat\/escolalavilapalamos\/wp-json\/wp\/v2\/media\/457"}],"wp:attachment":[{"href":"https:\/\/agora.xtec.cat\/escolalavilapalamos\/wp-json\/wp\/v2\/media?parent=455"}],"wp:term":[{"taxonomy":"category","embeddable":true,"href":"https:\/\/agora.xtec.cat\/escolalavilapalamos\/wp-json\/wp\/v2\/categories?post=455"},{"taxonomy":"post_tag","embeddable":true,"href":"https:\/\/agora.xtec.cat\/escolalavilapalamos\/wp-json\/wp\/v2\/tags?post=455"}],"curies":[{"name":"wp","href":"https:\/\/api.w.org\/{rel}","templated":true}]}}