{"id":4443,"date":"2019-12-16T11:13:03","date_gmt":"2019-12-16T10:13:03","guid":{"rendered":"http:\/\/agora.xtec.cat\/escolalavilapalamos\/?p=4443"},"modified":"2019-12-20T14:28:06","modified_gmt":"2019-12-20T13:28:06","slug":"el-nadal-arriba-a-lescola-3","status":"publish","type":"post","link":"https:\/\/agora.xtec.cat\/escolalavilapalamos\/general\/el-nadal-arriba-a-lescola-3\/","title":{"rendered":"El Nadal arriba a l&#8217;escola"},"content":{"rendered":"<p><img loading=\"lazy\" decoding=\"async\" class=\"alignright\" src=\"https:\/\/rosamariaartal.files.wordpress.com\/2010\/12\/trineo20santa20claus.gif?w=600\" width=\"356\" height=\"122\" \/><\/p>\n<h4>El Nadal arriba a l&#8217;escola<\/h4>\n<p>Ens agradaria convidar-vos a les cantades de nadales que farem en el pavell\u00f3 els dies seg\u00fcents:<\/p>\n<p><a class=\"wp-image-2177 alignleft\" href=\"http:\/\/agora.xtec.cat\/escolalavilapalamos\/wp-content\/uploads\/usu897\/2014\/10\/20140411-xuxulanstrum-catradio3.png\"><img loading=\"lazy\" decoding=\"async\" class=\"wp-image-2177 alignleft\" src=\"http:\/\/agora.xtec.cat\/escolalavilapalamos\/wp-content\/uploads\/usu897\/2014\/10\/20140411-xuxulanstrum-catradio3.png\" sizes=\"auto, (max-width: 391px) 100vw, 391px\" srcset=\"https:\/\/agora.xtec.cat\/escolalavilapalamos\/wp-content\/uploads\/usu897\/2014\/10\/20140411-xuxulanstrum-catradio3.png 550w, https:\/\/agora.xtec.cat\/escolalavilapalamos\/wp-content\/uploads\/usu897\/2014\/10\/20140411-xuxulanstrum-catradio3-300x210.png 300w\" alt=\"\" width=\"251\" height=\"175\" \/><\/a>El <strong>dimarts 17 de desembre a les 19:30h. <\/strong>Vetllada de Nadal dels alumnes de 2n i 5\u00e8.<strong><br \/>\n<\/strong><\/p>\n<p>El <strong>dimecres 18 de desembre a les 15:15h. <\/strong>Vetllada de Nadal dels alumnes de la comunitat de petits ( P3, P4 i P5). <strong>A les 19:30h.<\/strong> Vetllada de Nadal dels alumnes de 1r i 4t.<\/p>\n<p>El <strong>dijous 19 de desembre a les 19:30h.<\/strong> Vetllada de Nadal dels alumnes de 3r i 6\u00e8.<\/p>\n<p><strong>Els nens i nenes\u00a0 entren a les 19:20 h per la porta principal de l\u2019escola. Les fam\u00edlies, entrada pel pavell\u00f3 a les 19:30 h.<br \/>\n<\/strong><\/p>\n<p><em>Nota: Les cantades de Nadal s\u00f3n un acte p\u00fablic. Les fam\u00edlies poden fer fotografies i enregistraments de v\u00eddeo dels actes, per\u00f2 no poden penjar aquestes a internet o xarxes socials ( l\u2019escola s\u2019eximeix de tota responsabilitat en aquest sentit).<\/em> <em>Preguem deixar lliures els passadissos i evitar marxar enmig de les actuacions dels alumnes. Gr\u00e0cies<\/em><br \/>\n<em>Recordeu que trobareu els audiovisuals de totes les cantades de Nadal a la web properament.<br \/>\n<\/em><\/p>\n<p>El divendres\u00a0 20 de desembre arriba el <strong>patge dels Reis Mags<\/strong> per recollir les cartes dels nens i nenes de l\u2019escola. Farem cagar el ti\u00f3 i farem l\u2019amic invisible.<\/p>\n<p><strong>El divendres 20 de desembre les classes acaben a les 12:30h. Hi ha servei de menjador fins a les 15h. A la tarda no hi ha classe.\u00a0<\/strong><\/p>\n<h5>Les vacances de Nadal s\u00f3n del divendres 20 de desembre a la tarda fins el dimarts 7 de gener de 2020, incl\u00f2s. Les classes es reprenen el dimecres 8 de gener de 2020.<\/h5>\n<h5>Bones Festes i Bon any 2020 !<\/h5>\n","protected":false},"excerpt":{"rendered":"<p>El Nadal arriba a l&#8217;escola<br \/>\nEns agradaria convidar-vos a les cantades de nadales que farem en el pavell\u00f3 els dies seg\u00fcents:<br \/>\n<a class=\"wp-image-2177 alignleft\" href=\"http:\/\/agora.xtec.cat\/escolalavilapalamos\/wp-content\/uploads\/usu897\/2014\/10\/20140411-xuxulanstrum-catradio3.png\"><\/a>El dimarts 17 de desembre a les 19:30h. Vetllada de Nadal dels alumnes de 2n i 5\u00e8.<\/p>\n<p>El dimecres 18 de desembre a les&hellip;  <a href=\"https:\/\/agora.xtec.cat\/escolalavilapalamos\/general\/el-nadal-arriba-a-lescola-3\/\" title=\"Read El Nadal arriba a l&#8217;escola\">Llegeix m\u00e9s\u00bb<\/a><\/p>\n","protected":false},"author":1,"featured_media":4444,"comment_status":"open","ping_status":"closed","sticky":false,"template":"","format":"standard","meta":{"_bbp_topic_count":0,"_bbp_reply_count":0,"_bbp_total_topic_count":0,"_bbp_total_reply_count":0,"_bbp_voice_count":0,"_bbp_anonymous_reply_count":0,"_bbp_topic_count_hidden":0,"_bbp_reply_count_hidden":0,"_bbp_forum_subforum_count":0,"footnotes":""},"categories":[128,127,2,1,4,5],"tags":[],"class_list":["post-4443","post","type-post","status-publish","format-standard","has-post-thumbnail","hentry","category-comunitat-de-grans","category-comunitat-de-mitjans","category-infantil","category-general","category-portada","category-primaria"],"post_mailing_queue_ids":[],"_links":{"self":[{"href":"https:\/\/agora.xtec.cat\/escolalavilapalamos\/wp-json\/wp\/v2\/posts\/4443","targetHints":{"allow":["GET"]}}],"collection":[{"href":"https:\/\/agora.xtec.cat\/escolalavilapalamos\/wp-json\/wp\/v2\/posts"}],"about":[{"href":"https:\/\/agora.xtec.cat\/escolalavilapalamos\/wp-json\/wp\/v2\/types\/post"}],"author":[{"embeddable":true,"href":"https:\/\/agora.xtec.cat\/escolalavilapalamos\/wp-json\/wp\/v2\/users\/1"}],"replies":[{"embeddable":true,"href":"https:\/\/agora.xtec.cat\/escolalavilapalamos\/wp-json\/wp\/v2\/comments?post=4443"}],"version-history":[{"count":3,"href":"https:\/\/agora.xtec.cat\/escolalavilapalamos\/wp-json\/wp\/v2\/posts\/4443\/revisions"}],"predecessor-version":[{"id":7084,"href":"https:\/\/agora.xtec.cat\/escolalavilapalamos\/wp-json\/wp\/v2\/posts\/4443\/revisions\/7084"}],"wp:featuredmedia":[{"embeddable":true,"href":"https:\/\/agora.xtec.cat\/escolalavilapalamos\/wp-json\/wp\/v2\/media\/4444"}],"wp:attachment":[{"href":"https:\/\/agora.xtec.cat\/escolalavilapalamos\/wp-json\/wp\/v2\/media?parent=4443"}],"wp:term":[{"taxonomy":"category","embeddable":true,"href":"https:\/\/agora.xtec.cat\/escolalavilapalamos\/wp-json\/wp\/v2\/categories?post=4443"},{"taxonomy":"post_tag","embeddable":true,"href":"https:\/\/agora.xtec.cat\/escolalavilapalamos\/wp-json\/wp\/v2\/tags?post=4443"}],"curies":[{"name":"wp","href":"https:\/\/api.w.org\/{rel}","templated":true}]}}