{"id":439,"date":"2019-10-04T09:24:18","date_gmt":"2019-10-04T07:24:18","guid":{"rendered":"http:\/\/agora.xtec.cat\/escolalavilapalamos\/?p=439"},"modified":"2019-10-08T17:27:50","modified_gmt":"2019-10-08T15:27:50","slug":"fas-6-anys-tria-un-llibre","status":"publish","type":"post","link":"https:\/\/agora.xtec.cat\/escolalavilapalamos\/general\/fas-6-anys-tria-un-llibre\/","title":{"rendered":"Fas 6 anys. Tria un llibre"},"content":{"rendered":"<p><a href=\"https:\/\/agora.xtec.cat\/escolalavilapalamos\/wp-content\/uploads\/usu897\/2019\/10\/Fas6anys-imatge-carroussel-campanya.jpg_223078711.jpg\"><img loading=\"lazy\" decoding=\"async\" class=\" wp-image-6429 alignright\" src=\"https:\/\/agora.xtec.cat\/escolalavilapalamos\/wp-content\/uploads\/usu897\/2019\/10\/Fas6anys-imatge-carroussel-campanya.jpg_223078711.jpg\" alt=\"\" width=\"439\" height=\"247\" srcset=\"https:\/\/agora.xtec.cat\/escolalavilapalamos\/wp-content\/uploads\/usu897\/2019\/10\/Fas6anys-imatge-carroussel-campanya.jpg_223078711.jpg 832w, https:\/\/agora.xtec.cat\/escolalavilapalamos\/wp-content\/uploads\/usu897\/2019\/10\/Fas6anys-imatge-carroussel-campanya.jpg_223078711-300x169.jpg 300w, https:\/\/agora.xtec.cat\/escolalavilapalamos\/wp-content\/uploads\/usu897\/2019\/10\/Fas6anys-imatge-carroussel-campanya.jpg_223078711-768x432.jpg 768w\" sizes=\"auto, (max-width: 439px) 100vw, 439px\" \/><\/a>La campanya <strong>\u201cFas 6 anys. Tria un llibre\u201d<\/strong> vol estimular els h\u00e0bits de lectura dels infants de 6 anys. Mitjan\u00e7ant aquesta iniciativa, l\u2019infant que fa o hagi fet 6 anys durant el 2019, rebr\u00e0 a casa una targeta que el convidar\u00e0 a anar a la llibreria m\u00e9s propera, on podr\u00e0 bescanviar la targeta pel llibre que m\u00e9s li agradi, per un import de fins a 13 euros. La campanya arribar\u00e0 a 83.314 nens de tot Catalunya, que podran comprar un llibre a les 180 llibreries agremiades al Gremi de Llibreters de Catalunya d\u2019arreu del territori.<\/p>\n<p>La iniciativa t\u00e9 com a objectius que els infants descobreixin les llibreries amb un adult; que comencin a crear la seva pr\u00f2pia biblioteca, aix\u00ed com donar valor al llibre i refor\u00e7ar les vendes de llibres infantils.<\/p>\n<p><iframe loading=\"lazy\" src=\"\/\/www.youtube.com\/embed\/hF3KGUCcRtI\" width=\"560\" height=\"314\" allowfullscreen=\"allowfullscreen\"><\/iframe><\/p>\n<p>Com funciona?<\/p>\n<p>Els nens i les nenes que aquest any fan 6 anys rebran una carta personalitzada al seu domicili. Amb un adult, podran anar a qualsevol de les llibreries associades (veure llistat), podran triar un llibre i comen\u00e7ar aix\u00ed la seva biblioteca particular!<\/p>\n<p>Durada<br \/>\nCampanya limitada fins a finalitzar la dotaci\u00f3 pressupost\u00e0ria.<\/p>\n<p>Per qualsevol consulta visita la web <a href=\"http:\/\/cultura.gencat.cat\/ca\/departament\/estructura_i_adreces\/organismes\/icec\/fas6anys\/\"><em>Fas 6 anys.Tria un llibre<\/em><\/a> o suggeriment: <a href=\"mailto:fas6anys@gencat.cat\">fas6anys@gencat.cat<\/a><\/p>\n","protected":false},"excerpt":{"rendered":"<p><a href=\"https:\/\/agora.xtec.cat\/escolalavilapalamos\/wp-content\/uploads\/usu897\/2019\/10\/Fas6anys-imatge-carroussel-campanya.jpg_223078711.jpg\"><\/a>La campanya \u201cFas 6 anys. Tria un llibre\u201d vol estimular els h\u00e0bits de lectura dels infants de 6 anys. Mitjan\u00e7ant aquesta iniciativa, l\u2019infant que fa o hagi fet 6 anys durant el 2019, rebr\u00e0 a casa una targeta que el convidar\u00e0 a anar a&hellip;  <a href=\"https:\/\/agora.xtec.cat\/escolalavilapalamos\/general\/fas-6-anys-tria-un-llibre\/\" title=\"Read Fas 6 anys. Tria un llibre\">Llegeix m\u00e9s\u00bb<\/a><\/p>\n","protected":false},"author":1,"featured_media":6429,"comment_status":"open","ping_status":"closed","sticky":false,"template":"","format":"standard","meta":{"_bbp_topic_count":0,"_bbp_reply_count":0,"_bbp_total_topic_count":0,"_bbp_total_reply_count":0,"_bbp_voice_count":0,"_bbp_anonymous_reply_count":0,"_bbp_topic_count_hidden":0,"_bbp_reply_count_hidden":0,"_bbp_forum_subforum_count":0,"footnotes":""},"categories":[1,4,5],"tags":[],"class_list":["post-439","post","type-post","status-publish","format-standard","has-post-thumbnail","hentry","category-general","category-portada","category-primaria"],"post_mailing_queue_ids":[],"_links":{"self":[{"href":"https:\/\/agora.xtec.cat\/escolalavilapalamos\/wp-json\/wp\/v2\/posts\/439","targetHints":{"allow":["GET"]}}],"collection":[{"href":"https:\/\/agora.xtec.cat\/escolalavilapalamos\/wp-json\/wp\/v2\/posts"}],"about":[{"href":"https:\/\/agora.xtec.cat\/escolalavilapalamos\/wp-json\/wp\/v2\/types\/post"}],"author":[{"embeddable":true,"href":"https:\/\/agora.xtec.cat\/escolalavilapalamos\/wp-json\/wp\/v2\/users\/1"}],"replies":[{"embeddable":true,"href":"https:\/\/agora.xtec.cat\/escolalavilapalamos\/wp-json\/wp\/v2\/comments?post=439"}],"version-history":[{"count":4,"href":"https:\/\/agora.xtec.cat\/escolalavilapalamos\/wp-json\/wp\/v2\/posts\/439\/revisions"}],"predecessor-version":[{"id":6431,"href":"https:\/\/agora.xtec.cat\/escolalavilapalamos\/wp-json\/wp\/v2\/posts\/439\/revisions\/6431"}],"wp:featuredmedia":[{"embeddable":true,"href":"https:\/\/agora.xtec.cat\/escolalavilapalamos\/wp-json\/wp\/v2\/media\/6429"}],"wp:attachment":[{"href":"https:\/\/agora.xtec.cat\/escolalavilapalamos\/wp-json\/wp\/v2\/media?parent=439"}],"wp:term":[{"taxonomy":"category","embeddable":true,"href":"https:\/\/agora.xtec.cat\/escolalavilapalamos\/wp-json\/wp\/v2\/categories?post=439"},{"taxonomy":"post_tag","embeddable":true,"href":"https:\/\/agora.xtec.cat\/escolalavilapalamos\/wp-json\/wp\/v2\/tags?post=439"}],"curies":[{"name":"wp","href":"https:\/\/api.w.org\/{rel}","templated":true}]}}