{"id":4379,"date":"2018-12-10T12:46:19","date_gmt":"2018-12-10T11:46:19","guid":{"rendered":"http:\/\/agora.xtec.cat\/escolalavilapalamos\/?p=4379"},"modified":"2018-12-10T12:53:49","modified_gmt":"2018-12-10T11:53:49","slug":"el-patge-dels-reis-mags","status":"publish","type":"post","link":"https:\/\/agora.xtec.cat\/escolalavilapalamos\/general\/el-patge-dels-reis-mags\/","title":{"rendered":"El patge dels Reis mags de l&#8217;Orient"},"content":{"rendered":"<h6 style=\"text-align: left;\">\u00a0Reporters La Vila<\/h6>\n<h6>El patge arriba a l&#8217;escola La Vila. Quan vindr\u00e0? i qu\u00e8 far\u00e0?<img loading=\"lazy\" decoding=\"async\" class=\"alignleft\" src=\"https:\/\/dades.naciodigital.cat\/redaccio\/arxius\/imatges\/201611\/1200_1479894031reis.jpg\" alt=\"Resultado de imagen de El reis mags\" width=\"316\" height=\"211\" \/><\/h6>\n<h6>El 21 de desembre a les 9.30 del mat\u00ed el patge arribara a l&#8217;escola a recollir les cartes, a donar caramels i a visitar als nens i nenes.<\/h6>\n<h6>Primer fa un recorregut pel pati per saludar a tothom i despr\u00e9s va al pavell\u00f3 a recollir les cartes i a donar caramels.<\/h6>\n<h3><\/h3>\n<p>&nbsp;<\/p>\n<p>&nbsp;<\/p>\n","protected":false},"excerpt":{"rendered":"<p>\u00a0Reporters La Vila<br \/>\nEl patge arriba a l&#8217;escola La Vila. Quan vindr\u00e0? i qu\u00e8 far\u00e0?<br \/>\nEl 21 de desembre a les 9.30 del mat\u00ed el patge arribara a l&#8217;escola a recollir les cartes, a donar caramels i a visitar als nens i nenes.<br \/>\nPrimer fa un recorregut pel&hellip;  <a href=\"https:\/\/agora.xtec.cat\/escolalavilapalamos\/general\/el-patge-dels-reis-mags\/\" title=\"Read El patge dels Reis mags de l&#8217;Orient\">Llegeix m\u00e9s\u00bb<\/a><\/p>\n","protected":false},"author":171,"featured_media":4412,"comment_status":"open","ping_status":"closed","sticky":false,"template":"","format":"standard","meta":{"_bbp_topic_count":0,"_bbp_reply_count":0,"_bbp_total_topic_count":0,"_bbp_total_reply_count":0,"_bbp_voice_count":0,"_bbp_anonymous_reply_count":0,"_bbp_topic_count_hidden":0,"_bbp_reply_count_hidden":0,"_bbp_forum_subforum_count":0,"footnotes":""},"categories":[128,127,2,1,4,5],"tags":[],"class_list":["post-4379","post","type-post","status-publish","format-standard","has-post-thumbnail","hentry","category-comunitat-de-grans","category-comunitat-de-mitjans","category-infantil","category-general","category-portada","category-primaria"],"post_mailing_queue_ids":[],"_links":{"self":[{"href":"https:\/\/agora.xtec.cat\/escolalavilapalamos\/wp-json\/wp\/v2\/posts\/4379","targetHints":{"allow":["GET"]}}],"collection":[{"href":"https:\/\/agora.xtec.cat\/escolalavilapalamos\/wp-json\/wp\/v2\/posts"}],"about":[{"href":"https:\/\/agora.xtec.cat\/escolalavilapalamos\/wp-json\/wp\/v2\/types\/post"}],"author":[{"embeddable":true,"href":"https:\/\/agora.xtec.cat\/escolalavilapalamos\/wp-json\/wp\/v2\/users\/171"}],"replies":[{"embeddable":true,"href":"https:\/\/agora.xtec.cat\/escolalavilapalamos\/wp-json\/wp\/v2\/comments?post=4379"}],"version-history":[{"count":3,"href":"https:\/\/agora.xtec.cat\/escolalavilapalamos\/wp-json\/wp\/v2\/posts\/4379\/revisions"}],"predecessor-version":[{"id":4411,"href":"https:\/\/agora.xtec.cat\/escolalavilapalamos\/wp-json\/wp\/v2\/posts\/4379\/revisions\/4411"}],"wp:featuredmedia":[{"embeddable":true,"href":"https:\/\/agora.xtec.cat\/escolalavilapalamos\/wp-json\/wp\/v2\/media\/4412"}],"wp:attachment":[{"href":"https:\/\/agora.xtec.cat\/escolalavilapalamos\/wp-json\/wp\/v2\/media?parent=4379"}],"wp:term":[{"taxonomy":"category","embeddable":true,"href":"https:\/\/agora.xtec.cat\/escolalavilapalamos\/wp-json\/wp\/v2\/categories?post=4379"},{"taxonomy":"post_tag","embeddable":true,"href":"https:\/\/agora.xtec.cat\/escolalavilapalamos\/wp-json\/wp\/v2\/tags?post=4379"}],"curies":[{"name":"wp","href":"https:\/\/api.w.org\/{rel}","templated":true}]}}