{"id":4347,"date":"2018-12-10T12:30:09","date_gmt":"2018-12-10T11:30:09","guid":{"rendered":"http:\/\/agora.xtec.cat\/escolalavilapalamos\/?p=4347"},"modified":"2018-12-19T17:06:41","modified_gmt":"2018-12-19T16:06:41","slug":"6ea-va-palamos-gent-gran","status":"publish","type":"post","link":"https:\/\/agora.xtec.cat\/escolalavilapalamos\/general\/6ea-va-palamos-gent-gran\/","title":{"rendered":"6\u00e8 visita Palam\u00f3s gent gran"},"content":{"rendered":"<h6><strong>Reporters la Vila<a href=\"https:\/\/agora.xtec.cat\/escolalavilapalamos\/wp-content\/uploads\/usu897\/2018\/12\/Visita-als-avis3.jpeg\"><img loading=\"lazy\" decoding=\"async\" class=\"wp-image-4423 alignleft\" src=\"https:\/\/agora.xtec.cat\/escolalavilapalamos\/wp-content\/uploads\/usu897\/2018\/12\/Visita-als-avis3-1024x664.jpeg\" alt=\"\" width=\"424\" height=\"275\" srcset=\"https:\/\/agora.xtec.cat\/escolalavilapalamos\/wp-content\/uploads\/usu897\/2018\/12\/Visita-als-avis3-1024x664.jpeg 1024w, https:\/\/agora.xtec.cat\/escolalavilapalamos\/wp-content\/uploads\/usu897\/2018\/12\/Visita-als-avis3-300x194.jpeg 300w, https:\/\/agora.xtec.cat\/escolalavilapalamos\/wp-content\/uploads\/usu897\/2018\/12\/Visita-als-avis3-768x498.jpeg 768w, https:\/\/agora.xtec.cat\/escolalavilapalamos\/wp-content\/uploads\/usu897\/2018\/12\/Visita-als-avis3.jpeg 1182w\" sizes=\"auto, (max-width: 424px) 100vw, 424px\" \/><\/a><\/strong><\/h6>\n<p>Els nois i noies de 6\u00e8 van a <strong>Palam\u00f3s Gent gran <\/strong>el proper <strong>dijous 13 de desembre a la tarda<\/strong>. Cada any per aquestes dates, els m\u00e9s grans de l&#8217;escola van a donar un detall i a passar una estona divertida per Nadal . Els hi regalaran unes pedres que estan pintades de color negre o blanc i a sobre han fet un cor, despr\u00e9s ho han lligat tot amb un filferro per poder posar una postal. \u00c9s una activitat molt xula.<\/p>\n<p>Esperem\u00a0 que e<span style=\"font-family: inherit; font-size: 1em;\">ls agradin totes les sorpresa que tenim preparades!!!! <\/span><\/p>\n<h6><\/h6>\n<p>Podeu veure les fotos <a href=\"https:\/\/photos.app.goo.gl\/ivBLHhJQAk9k3Y4N7\">aqu\u00ed<\/a><a href=\"https:\/\/agora.xtec.cat\/escolalavilapalamos\/wp-content\/uploads\/usu897\/2018\/12\/0.jpeg\"><img loading=\"lazy\" decoding=\"async\" class=\" wp-image-4437 alignright\" src=\"https:\/\/agora.xtec.cat\/escolalavilapalamos\/wp-content\/uploads\/usu897\/2018\/12\/0-1024x730.jpeg\" alt=\"\" width=\"368\" height=\"262\" srcset=\"https:\/\/agora.xtec.cat\/escolalavilapalamos\/wp-content\/uploads\/usu897\/2018\/12\/0-1024x730.jpeg 1024w, https:\/\/agora.xtec.cat\/escolalavilapalamos\/wp-content\/uploads\/usu897\/2018\/12\/0-300x214.jpeg 300w, https:\/\/agora.xtec.cat\/escolalavilapalamos\/wp-content\/uploads\/usu897\/2018\/12\/0-768x548.jpeg 768w, https:\/\/agora.xtec.cat\/escolalavilapalamos\/wp-content\/uploads\/usu897\/2018\/12\/0.jpeg 1578w\" sizes=\"auto, (max-width: 368px) 100vw, 368px\" \/><\/a><\/p>\n<p>Tamb\u00e9 hem dibuixat i explicat les emocions que ens ha despertat la visita. Podeu veure les fotos<a href=\"https:\/\/photos.app.goo.gl\/RjnPsMXDKkk34RCM6\"> aqu\u00ed<\/a><\/p>\n<p><a href=\"https:\/\/www.google.es\/maps\/search\/on+es+hospital+de+gent+gran\/@41.8509336,3.1241288,16.03z\">On es l&#8217;espai de la gent gran?<\/a><\/p>\n","protected":false},"excerpt":{"rendered":"<p>Reporters la Vila<a href=\"https:\/\/agora.xtec.cat\/escolalavilapalamos\/wp-content\/uploads\/usu897\/2018\/12\/Visita-als-avis3.jpeg\"><\/a><br \/>\nEls nois i noies de 6\u00e8 van a Palam\u00f3s Gent gran el proper dijous 13 de desembre a la tarda. Cada any per aquestes dates, els m\u00e9s grans de l&#8217;escola van a donar un detall i a passar una estona divertida per&hellip;  <a href=\"https:\/\/agora.xtec.cat\/escolalavilapalamos\/general\/6ea-va-palamos-gent-gran\/\" title=\"Read 6\u00e8 visita Palam\u00f3s gent gran\">Llegeix m\u00e9s\u00bb<\/a><\/p>\n","protected":false},"author":171,"featured_media":4423,"comment_status":"open","ping_status":"closed","sticky":false,"template":"","format":"standard","meta":{"_bbp_topic_count":0,"_bbp_reply_count":0,"_bbp_total_topic_count":0,"_bbp_total_reply_count":0,"_bbp_voice_count":0,"_bbp_anonymous_reply_count":0,"_bbp_topic_count_hidden":0,"_bbp_reply_count_hidden":0,"_bbp_forum_subforum_count":0,"footnotes":""},"categories":[128,1,4,5],"tags":[],"class_list":["post-4347","post","type-post","status-publish","format-standard","has-post-thumbnail","hentry","category-comunitat-de-grans","category-general","category-portada","category-primaria"],"post_mailing_queue_ids":[],"_links":{"self":[{"href":"https:\/\/agora.xtec.cat\/escolalavilapalamos\/wp-json\/wp\/v2\/posts\/4347","targetHints":{"allow":["GET"]}}],"collection":[{"href":"https:\/\/agora.xtec.cat\/escolalavilapalamos\/wp-json\/wp\/v2\/posts"}],"about":[{"href":"https:\/\/agora.xtec.cat\/escolalavilapalamos\/wp-json\/wp\/v2\/types\/post"}],"author":[{"embeddable":true,"href":"https:\/\/agora.xtec.cat\/escolalavilapalamos\/wp-json\/wp\/v2\/users\/171"}],"replies":[{"embeddable":true,"href":"https:\/\/agora.xtec.cat\/escolalavilapalamos\/wp-json\/wp\/v2\/comments?post=4347"}],"version-history":[{"count":3,"href":"https:\/\/agora.xtec.cat\/escolalavilapalamos\/wp-json\/wp\/v2\/posts\/4347\/revisions"}],"predecessor-version":[{"id":4438,"href":"https:\/\/agora.xtec.cat\/escolalavilapalamos\/wp-json\/wp\/v2\/posts\/4347\/revisions\/4438"}],"wp:featuredmedia":[{"embeddable":true,"href":"https:\/\/agora.xtec.cat\/escolalavilapalamos\/wp-json\/wp\/v2\/media\/4423"}],"wp:attachment":[{"href":"https:\/\/agora.xtec.cat\/escolalavilapalamos\/wp-json\/wp\/v2\/media?parent=4347"}],"wp:term":[{"taxonomy":"category","embeddable":true,"href":"https:\/\/agora.xtec.cat\/escolalavilapalamos\/wp-json\/wp\/v2\/categories?post=4347"},{"taxonomy":"post_tag","embeddable":true,"href":"https:\/\/agora.xtec.cat\/escolalavilapalamos\/wp-json\/wp\/v2\/tags?post=4347"}],"curies":[{"name":"wp","href":"https:\/\/api.w.org\/{rel}","templated":true}]}}