{"id":4311,"date":"2018-12-04T15:36:46","date_gmt":"2018-12-04T14:36:46","guid":{"rendered":"http:\/\/agora.xtec.cat\/escolalavilapalamos\/?p=4311"},"modified":"2018-12-13T15:27:28","modified_gmt":"2018-12-13T14:27:28","slug":"p5-va-dexcursio-a-veure-els-bombers","status":"publish","type":"post","link":"https:\/\/agora.xtec.cat\/escolalavilapalamos\/general\/p5-va-dexcursio-a-veure-els-bombers\/","title":{"rendered":"P5 va d&#8217;excursi\u00f3 a veure els bombers"},"content":{"rendered":"<h6><a href=\"https:\/\/agora.xtec.cat\/escolalavilapalamos\/wp-content\/uploads\/usu897\/2018\/12\/Bombers-3.jpeg\"><img loading=\"lazy\" decoding=\"async\" class=\"wp-image-4421 alignleft\" src=\"https:\/\/agora.xtec.cat\/escolalavilapalamos\/wp-content\/uploads\/usu897\/2018\/12\/Bombers-3-1024x768.jpeg\" alt=\"\" width=\"443\" height=\"332\" srcset=\"https:\/\/agora.xtec.cat\/escolalavilapalamos\/wp-content\/uploads\/usu897\/2018\/12\/Bombers-3-1024x768.jpeg 1024w, https:\/\/agora.xtec.cat\/escolalavilapalamos\/wp-content\/uploads\/usu897\/2018\/12\/Bombers-3-300x225.jpeg 300w, https:\/\/agora.xtec.cat\/escolalavilapalamos\/wp-content\/uploads\/usu897\/2018\/12\/Bombers-3-768x576.jpeg 768w, https:\/\/agora.xtec.cat\/escolalavilapalamos\/wp-content\/uploads\/usu897\/2018\/12\/Bombers-3-200x150.jpeg 200w, https:\/\/agora.xtec.cat\/escolalavilapalamos\/wp-content\/uploads\/usu897\/2018\/12\/Bombers-3.jpeg 1600w\" sizes=\"auto, (max-width: 443px) 100vw, 443px\" \/><\/a>Reporters La Vila<\/h6>\n<p>El proper <strong>dijous 13 de desembre<\/strong> els alumnes de P5 van d&#8217;excursi\u00f3 a veure <strong>els bombers a Palafrugell.<\/strong> Podran con\u00e8ixer el parc de bombers, la roba i el casc que utilitzen, els camions, les escales i mangueres i quina \u00e9s la feina\u00a0 dels bombers.<\/p>\n<p>Sortida i arribada des de l&#8217;escola. Marxaran a les 9:15 h amb autocar des del vial del port i tornaran a les 12h. Excursi\u00f3 nom\u00e9s de mat\u00ed.<\/p>\n<p>Podeu veure totes les fotos de la visita als bombers <a href=\"https:\/\/photos.app.goo.gl\/HqwvQQ1H8tJfgdwb6\">aqu\u00ed<\/a>. On \u00e9s el parc dels bombers de Palafrugell, <a href=\"https:\/\/www.google.com\/maps\/place\/Parc+de+Bombers+de+Palafrugell\/@41.9249847,3.1538127,705m\/data=!3m1!1e3!4m5!3m4!1s0x12ba545ff7631b09:0xce080ef4f1f4aafa!8m2!3d41.925736!4d3.1561812\">aqu\u00ed<\/a>.\u00a0 <a href=\"http:\/\/112.gencat.cat\/.content\/home\/nens_i_CAT112\/jocs\/index.html\">Jugueu al joc dels Bombers<\/a><\/p>\n<p>&nbsp;<\/p>\n<p>&nbsp;<\/p>\n<p>&nbsp;<\/p>\n","protected":false},"excerpt":{"rendered":"<p><a href=\"https:\/\/agora.xtec.cat\/escolalavilapalamos\/wp-content\/uploads\/usu897\/2018\/12\/Bombers-3.jpeg\"><\/a>Reporters La Vila<br \/>\nEl proper dijous 13 de desembre els alumnes de P5 van d&#8217;excursi\u00f3 a veure els bombers a Palafrugell. Podran con\u00e8ixer el parc de bombers, la roba i el casc que utilitzen, els camions, les escales i mangueres i quina \u00e9s la feina\u00a0&hellip;  <a href=\"https:\/\/agora.xtec.cat\/escolalavilapalamos\/general\/p5-va-dexcursio-a-veure-els-bombers\/\" title=\"Read P5 va d&#8217;excursi\u00f3 a veure els bombers\">Llegeix m\u00e9s\u00bb<\/a><\/p>\n","protected":false},"author":171,"featured_media":4421,"comment_status":"open","ping_status":"closed","sticky":false,"template":"","format":"standard","meta":{"_bbp_topic_count":0,"_bbp_reply_count":0,"_bbp_total_topic_count":0,"_bbp_total_reply_count":0,"_bbp_voice_count":0,"_bbp_anonymous_reply_count":0,"_bbp_topic_count_hidden":0,"_bbp_reply_count_hidden":0,"_bbp_forum_subforum_count":0,"footnotes":""},"categories":[2,1,4],"tags":[],"class_list":["post-4311","post","type-post","status-publish","format-standard","has-post-thumbnail","hentry","category-infantil","category-general","category-portada"],"post_mailing_queue_ids":[],"_links":{"self":[{"href":"https:\/\/agora.xtec.cat\/escolalavilapalamos\/wp-json\/wp\/v2\/posts\/4311","targetHints":{"allow":["GET"]}}],"collection":[{"href":"https:\/\/agora.xtec.cat\/escolalavilapalamos\/wp-json\/wp\/v2\/posts"}],"about":[{"href":"https:\/\/agora.xtec.cat\/escolalavilapalamos\/wp-json\/wp\/v2\/types\/post"}],"author":[{"embeddable":true,"href":"https:\/\/agora.xtec.cat\/escolalavilapalamos\/wp-json\/wp\/v2\/users\/171"}],"replies":[{"embeddable":true,"href":"https:\/\/agora.xtec.cat\/escolalavilapalamos\/wp-json\/wp\/v2\/comments?post=4311"}],"version-history":[{"count":5,"href":"https:\/\/agora.xtec.cat\/escolalavilapalamos\/wp-json\/wp\/v2\/posts\/4311\/revisions"}],"predecessor-version":[{"id":4422,"href":"https:\/\/agora.xtec.cat\/escolalavilapalamos\/wp-json\/wp\/v2\/posts\/4311\/revisions\/4422"}],"wp:featuredmedia":[{"embeddable":true,"href":"https:\/\/agora.xtec.cat\/escolalavilapalamos\/wp-json\/wp\/v2\/media\/4421"}],"wp:attachment":[{"href":"https:\/\/agora.xtec.cat\/escolalavilapalamos\/wp-json\/wp\/v2\/media?parent=4311"}],"wp:term":[{"taxonomy":"category","embeddable":true,"href":"https:\/\/agora.xtec.cat\/escolalavilapalamos\/wp-json\/wp\/v2\/categories?post=4311"},{"taxonomy":"post_tag","embeddable":true,"href":"https:\/\/agora.xtec.cat\/escolalavilapalamos\/wp-json\/wp\/v2\/tags?post=4311"}],"curies":[{"name":"wp","href":"https:\/\/api.w.org\/{rel}","templated":true}]}}