{"id":4300,"date":"2018-12-03T06:33:11","date_gmt":"2018-12-03T05:33:11","guid":{"rendered":"http:\/\/agora.xtec.cat\/escolalavilapalamos\/?p=4300"},"modified":"2018-12-03T16:54:24","modified_gmt":"2018-12-03T15:54:24","slug":"eleccions-al-consell-escolar","status":"publish","type":"post","link":"https:\/\/agora.xtec.cat\/escolalavilapalamos\/general\/eleccions-al-consell-escolar\/","title":{"rendered":"Eleccions al Consell escolar"},"content":{"rendered":"<p><strong><a href=\"https:\/\/agora.xtec.cat\/escolalavilapalamos\/wp-content\/uploads\/usu897\/2018\/11\/portada.png\"><img loading=\"lazy\" decoding=\"async\" class=\" wp-image-4214 alignleft\" src=\"https:\/\/agora.xtec.cat\/escolalavilapalamos\/wp-content\/uploads\/usu897\/2018\/11\/portada.png\" alt=\"\" width=\"335\" height=\"374\" srcset=\"https:\/\/agora.xtec.cat\/escolalavilapalamos\/wp-content\/uploads\/usu897\/2018\/11\/portada.png 589w, https:\/\/agora.xtec.cat\/escolalavilapalamos\/wp-content\/uploads\/usu897\/2018\/11\/portada-269x300.png 269w\" sizes=\"auto, (max-width: 335px) 100vw, 335px\" \/><\/a>El consell escolar del centre<\/strong> \u00e9s l\u2019<strong>\u00f2rgan de participaci\u00f3<\/strong> de la comunitat escolar en el govern del centre. En el consell escolar hi ha representats tots els col\u00b7lectius que intervenen en la comunitat educativa: direcci\u00f3, mestres, alumnat, pares i mares, personal d\u2019administraci\u00f3 i serveis, etc.<\/p>\n<p>En els centres p\u00fablics, la funci\u00f3 principal del consell escolar \u00e9s <strong>participar en la presa de decisions en relaci\u00f3 amb aquells temes importants per al funcionament i l\u2019organitzaci\u00f3 del centre<\/strong>: el projecte educatiu, la programaci\u00f3 general, la gesti\u00f3 econ\u00f2mica, etc. Els membres del consell escolar s\u00f3n elegits per un per\u00edode de quatre anys i es renoven per meitats cada dos anys.<\/p>\n<p>El curs escolar 2018-2019, el proc\u00e9s electoral s\u2019inicia el 5 de novembre de 2018<strong>. Les eleccions del sector pares i mares s\u00f3n el dijous 29 de novembre de 8:30 a 17h.\u00a0<\/strong><\/p>\n<p><strong>Resultats de les Eleccions al Consell Escolar d&#8217;avui dijous 29 de novembre de 2018.<\/strong><\/p>\n<p>Participaci\u00f3 147 vots emesos. 22&#8217;10% del cens. Total vots 146, vots en blanc 1<\/p>\n<p>Marta Romero Buxeda 65 vots<\/p>\n<p>L\u00eddia Malag\u00f3n Toro 63 vots<\/p>\n<p>Mireia Mart\u00ed Vi\u00f1oles 58 vots<\/p>\n<p>Katja Coloreu Webel\u00a0 35 vots<\/p>\n<p>Xavi Larumbe Iguzkiza 35 vots<\/p>\n<p>S\u00f3n proclamats nous representants del sector fam\u00edlies al consell escolar de centre <strong>Marta Romero i L\u00eddia Malag\u00f3n.<\/strong> Felicitats !<\/p>\n<p><a href=\"https:\/\/drive.google.com\/file\/d\/1_aAB5i2PVbY7hC1d_XPwnUspESjguNSq\/view?usp=sharing\">Quin s\u00f3n els candidats\/es a les eleccions del sector pares i mares<\/a><\/p>\n<p>Tota la informaci\u00f3 est\u00e0 penjada al tauler d&#8217;anuncis de l&#8217;escola.<\/p>\n<p>Tota la informaci\u00f3 a <a href=\"https:\/\/drive.google.com\/file\/d\/1HAlsBh7OB_XA8GLkMlrpuJY5hz7F_QE7\/view?usp=sharing\">la circular informativa<\/a><\/p>\n","protected":false},"excerpt":{"rendered":"<p><a href=\"https:\/\/agora.xtec.cat\/escolalavilapalamos\/wp-content\/uploads\/usu897\/2018\/11\/portada.png\"><\/a>El consell escolar del centre \u00e9s l\u2019\u00f2rgan de participaci\u00f3 de la comunitat escolar en el govern del centre. En el consell escolar hi ha representats tots els col\u00b7lectius que intervenen en la comunitat educativa: direcci\u00f3, mestres, alumnat, pares i mares, personal d\u2019administraci\u00f3 i serveis,&hellip;  <a href=\"https:\/\/agora.xtec.cat\/escolalavilapalamos\/general\/eleccions-al-consell-escolar\/\" title=\"Read Eleccions al Consell escolar\">Llegeix m\u00e9s\u00bb<\/a><\/p>\n","protected":false},"author":1,"featured_media":4214,"comment_status":"open","ping_status":"closed","sticky":false,"template":"","format":"standard","meta":{"_bbp_topic_count":0,"_bbp_reply_count":0,"_bbp_total_topic_count":0,"_bbp_total_reply_count":0,"_bbp_voice_count":0,"_bbp_anonymous_reply_count":0,"_bbp_topic_count_hidden":0,"_bbp_reply_count_hidden":0,"_bbp_forum_subforum_count":0,"footnotes":""},"categories":[7,1,4],"tags":[],"class_list":["post-4300","post","type-post","status-publish","format-standard","has-post-thumbnail","hentry","category-ampa","category-general","category-portada"],"post_mailing_queue_ids":[],"_links":{"self":[{"href":"https:\/\/agora.xtec.cat\/escolalavilapalamos\/wp-json\/wp\/v2\/posts\/4300","targetHints":{"allow":["GET"]}}],"collection":[{"href":"https:\/\/agora.xtec.cat\/escolalavilapalamos\/wp-json\/wp\/v2\/posts"}],"about":[{"href":"https:\/\/agora.xtec.cat\/escolalavilapalamos\/wp-json\/wp\/v2\/types\/post"}],"author":[{"embeddable":true,"href":"https:\/\/agora.xtec.cat\/escolalavilapalamos\/wp-json\/wp\/v2\/users\/1"}],"replies":[{"embeddable":true,"href":"https:\/\/agora.xtec.cat\/escolalavilapalamos\/wp-json\/wp\/v2\/comments?post=4300"}],"version-history":[{"count":1,"href":"https:\/\/agora.xtec.cat\/escolalavilapalamos\/wp-json\/wp\/v2\/posts\/4300\/revisions"}],"predecessor-version":[{"id":4301,"href":"https:\/\/agora.xtec.cat\/escolalavilapalamos\/wp-json\/wp\/v2\/posts\/4300\/revisions\/4301"}],"wp:featuredmedia":[{"embeddable":true,"href":"https:\/\/agora.xtec.cat\/escolalavilapalamos\/wp-json\/wp\/v2\/media\/4214"}],"wp:attachment":[{"href":"https:\/\/agora.xtec.cat\/escolalavilapalamos\/wp-json\/wp\/v2\/media?parent=4300"}],"wp:term":[{"taxonomy":"category","embeddable":true,"href":"https:\/\/agora.xtec.cat\/escolalavilapalamos\/wp-json\/wp\/v2\/categories?post=4300"},{"taxonomy":"post_tag","embeddable":true,"href":"https:\/\/agora.xtec.cat\/escolalavilapalamos\/wp-json\/wp\/v2\/tags?post=4300"}],"curies":[{"name":"wp","href":"https:\/\/api.w.org\/{rel}","templated":true}]}}