{"id":4275,"date":"2018-12-04T15:44:59","date_gmt":"2018-12-04T14:44:59","guid":{"rendered":"http:\/\/agora.xtec.cat\/escolalavilapalamos\/?p=4275"},"modified":"2018-12-04T16:16:18","modified_gmt":"2018-12-04T15:16:18","slug":"els-racons-de-la-comunitat-de-mitjans","status":"publish","type":"post","link":"https:\/\/agora.xtec.cat\/escolalavilapalamos\/general\/els-racons-de-la-comunitat-de-mitjans\/","title":{"rendered":"Els racons de la comunitat de mitjans"},"content":{"rendered":"<h6>Reporters la Vila<\/h6>\n<p>Els nens de 1r , 2r , 3r , fan racons de matem\u00e0tiques i llengua als matins i algunes tardes.<\/p>\n<p><iframe loading=\"lazy\" src=\"\/\/www.youtube.com\/embed\/VKwYFj0J0u8\" width=\"560\" height=\"314\" allowfullscreen=\"allowfullscreen\"><\/iframe><\/p>\n<p>Cada setmana canvien de racons per que tots els els alumnes puguin fer-los tots.<\/p>\n<p>Els racons de 1r s\u00f3n:\u00a0 Mesos i dies de la setmana i Geronimo Stilton<\/p>\n<p>Els racons de 2n:\u00a0 pel\u00b7l\u00edcula, joc verbs que hi ha i dictat mut.<\/p>\n<p>Els racons de 3r: comprensi\u00f3 escrita i comprensi\u00f3 oral i problemes i situacions de matem\u00e0tiques.<\/p>\n","protected":false},"excerpt":{"rendered":"<p>Reporters la Vila<br \/>\nEls nens de 1r , 2r , 3r , fan racons de matem\u00e0tiques i llengua als matins i algunes tardes.<\/p>\n<p>Cada setmana canvien de racons per que tots els els alumnes puguin fer-los tots.<br \/>\nEls racons de 1r s\u00f3n:\u00a0 Mesos i dies de la setmana&hellip;  <a href=\"https:\/\/agora.xtec.cat\/escolalavilapalamos\/general\/els-racons-de-la-comunitat-de-mitjans\/\" title=\"Read Els racons de la comunitat de mitjans\">Llegeix m\u00e9s\u00bb<\/a><\/p>\n","protected":false},"author":171,"featured_media":4349,"comment_status":"open","ping_status":"closed","sticky":false,"template":"","format":"standard","meta":{"_bbp_topic_count":0,"_bbp_reply_count":0,"_bbp_total_topic_count":0,"_bbp_total_reply_count":0,"_bbp_voice_count":0,"_bbp_anonymous_reply_count":0,"_bbp_topic_count_hidden":0,"_bbp_reply_count_hidden":0,"_bbp_forum_subforum_count":0,"footnotes":""},"categories":[127,1,4,5],"tags":[],"class_list":["post-4275","post","type-post","status-publish","format-standard","has-post-thumbnail","hentry","category-comunitat-de-mitjans","category-general","category-portada","category-primaria"],"post_mailing_queue_ids":[],"_links":{"self":[{"href":"https:\/\/agora.xtec.cat\/escolalavilapalamos\/wp-json\/wp\/v2\/posts\/4275","targetHints":{"allow":["GET"]}}],"collection":[{"href":"https:\/\/agora.xtec.cat\/escolalavilapalamos\/wp-json\/wp\/v2\/posts"}],"about":[{"href":"https:\/\/agora.xtec.cat\/escolalavilapalamos\/wp-json\/wp\/v2\/types\/post"}],"author":[{"embeddable":true,"href":"https:\/\/agora.xtec.cat\/escolalavilapalamos\/wp-json\/wp\/v2\/users\/171"}],"replies":[{"embeddable":true,"href":"https:\/\/agora.xtec.cat\/escolalavilapalamos\/wp-json\/wp\/v2\/comments?post=4275"}],"version-history":[{"count":4,"href":"https:\/\/agora.xtec.cat\/escolalavilapalamos\/wp-json\/wp\/v2\/posts\/4275\/revisions"}],"predecessor-version":[{"id":4367,"href":"https:\/\/agora.xtec.cat\/escolalavilapalamos\/wp-json\/wp\/v2\/posts\/4275\/revisions\/4367"}],"wp:featuredmedia":[{"embeddable":true,"href":"https:\/\/agora.xtec.cat\/escolalavilapalamos\/wp-json\/wp\/v2\/media\/4349"}],"wp:attachment":[{"href":"https:\/\/agora.xtec.cat\/escolalavilapalamos\/wp-json\/wp\/v2\/media?parent=4275"}],"wp:term":[{"taxonomy":"category","embeddable":true,"href":"https:\/\/agora.xtec.cat\/escolalavilapalamos\/wp-json\/wp\/v2\/categories?post=4275"},{"taxonomy":"post_tag","embeddable":true,"href":"https:\/\/agora.xtec.cat\/escolalavilapalamos\/wp-json\/wp\/v2\/tags?post=4275"}],"curies":[{"name":"wp","href":"https:\/\/api.w.org\/{rel}","templated":true}]}}