{"id":4259,"date":"2018-12-04T12:59:24","date_gmt":"2018-12-04T11:59:24","guid":{"rendered":"http:\/\/agora.xtec.cat\/escolalavilapalamos\/?p=4259"},"modified":"2018-12-04T16:18:27","modified_gmt":"2018-12-04T15:18:27","slug":"psicomotricitat-a-p4-i-p5","status":"publish","type":"post","link":"https:\/\/agora.xtec.cat\/escolalavilapalamos\/general\/psicomotricitat-a-p4-i-p5\/","title":{"rendered":"Psicomotricitat a P4 i P5"},"content":{"rendered":"<p><a href=\"https:\/\/agora.xtec.cat\/escolalavilapalamos\/wp-content\/uploads\/usu897\/2018\/12\/P1090638.jpg\"><img loading=\"lazy\" decoding=\"async\" class=\"wp-image-4338 alignright\" src=\"https:\/\/agora.xtec.cat\/escolalavilapalamos\/wp-content\/uploads\/usu897\/2018\/12\/P1090638-1024x768.jpg\" alt=\"\" width=\"358\" height=\"269\" srcset=\"https:\/\/agora.xtec.cat\/escolalavilapalamos\/wp-content\/uploads\/usu897\/2018\/12\/P1090638-1024x768.jpg 1024w, https:\/\/agora.xtec.cat\/escolalavilapalamos\/wp-content\/uploads\/usu897\/2018\/12\/P1090638-300x225.jpg 300w, https:\/\/agora.xtec.cat\/escolalavilapalamos\/wp-content\/uploads\/usu897\/2018\/12\/P1090638-768x576.jpg 768w, https:\/\/agora.xtec.cat\/escolalavilapalamos\/wp-content\/uploads\/usu897\/2018\/12\/P1090638-200x150.jpg 200w, https:\/\/agora.xtec.cat\/escolalavilapalamos\/wp-content\/uploads\/usu897\/2018\/12\/P1090638.jpg 1052w\" sizes=\"auto, (max-width: 358px) 100vw, 358px\" \/><\/a>Reporters La Vila<\/p>\n<p>Els nens i nenes de P4 i P5 fan psico el dimarts, dimecres i divendres al mat\u00ed. Es divideixen les quatre classes en tres grups i de cada grup van vuit alumnes. Cada nen o nena fa psico un cop a la setmana.<\/p>\n<p>Han de portar xandall i bambes amb velcro.<\/p>\n<p>Moltes vegades fan treballs d&#8217;expresi\u00f3 corporal equilibri, cordinaci\u00f3 etc&#8230; Tamb\u00e9 fan joc lliure amb diferents materials.<\/p>\n<p>Per aprendre a seguir les normes solen fer jocs senzills amb diferents normes. La N\u00faria Garcia, \u00e9s la mestra de psicomotricitat, i li agrada molt utilitzar materias per manipular i experimentar. Ara estan comen\u00e7ant a fer activitats per parelles. Tamb\u00e9 fan estacions, van rodant. La Nuri est\u00e0 a l&#8217;estaci\u00f3 que m\u00e9s li interessa i els altres fan joc aut\u00f2num.<\/p>\n<p>Molt sovint posa reptes per pensar i resoldre amb el cos. Treballen amb m\u00fasica tranquil\u00b7la de fons, sobretot quan fan treball amb el cos.<\/p>\n<p>Tamb\u00e9 introdueixen molt la relaxaci\u00f3.<\/p>\n<p>Els nens i nenes de l&#8217;escola s&#8217;ho passen de maravella a psicomotricitat<\/p>\n<p>Totes les fotos de psicomotricitat aqu\u00ed <em>( en breu )<\/em><\/p>\n<p>&nbsp;<\/p>\n","protected":false},"excerpt":{"rendered":"<p><a href=\"https:\/\/agora.xtec.cat\/escolalavilapalamos\/wp-content\/uploads\/usu897\/2018\/12\/P1090638.jpg\"><\/a>Reporters La Vila<br \/>\nEls nens i nenes de P4 i P5 fan psico el dimarts, dimecres i divendres al mat\u00ed. Es divideixen les quatre classes en tres grups i de cada grup van vuit alumnes. Cada nen o nena fa psico un cop a la&hellip;  <a href=\"https:\/\/agora.xtec.cat\/escolalavilapalamos\/general\/psicomotricitat-a-p4-i-p5\/\" title=\"Read Psicomotricitat a P4 i P5\">Llegeix m\u00e9s\u00bb<\/a><\/p>\n","protected":false},"author":171,"featured_media":4338,"comment_status":"open","ping_status":"closed","sticky":false,"template":"","format":"standard","meta":{"_bbp_topic_count":0,"_bbp_reply_count":0,"_bbp_total_topic_count":0,"_bbp_total_reply_count":0,"_bbp_voice_count":0,"_bbp_anonymous_reply_count":0,"_bbp_topic_count_hidden":0,"_bbp_reply_count_hidden":0,"_bbp_forum_subforum_count":0,"footnotes":""},"categories":[2,1,4],"tags":[],"class_list":["post-4259","post","type-post","status-publish","format-standard","has-post-thumbnail","hentry","category-infantil","category-general","category-portada"],"post_mailing_queue_ids":[],"_links":{"self":[{"href":"https:\/\/agora.xtec.cat\/escolalavilapalamos\/wp-json\/wp\/v2\/posts\/4259","targetHints":{"allow":["GET"]}}],"collection":[{"href":"https:\/\/agora.xtec.cat\/escolalavilapalamos\/wp-json\/wp\/v2\/posts"}],"about":[{"href":"https:\/\/agora.xtec.cat\/escolalavilapalamos\/wp-json\/wp\/v2\/types\/post"}],"author":[{"embeddable":true,"href":"https:\/\/agora.xtec.cat\/escolalavilapalamos\/wp-json\/wp\/v2\/users\/171"}],"replies":[{"embeddable":true,"href":"https:\/\/agora.xtec.cat\/escolalavilapalamos\/wp-json\/wp\/v2\/comments?post=4259"}],"version-history":[{"count":4,"href":"https:\/\/agora.xtec.cat\/escolalavilapalamos\/wp-json\/wp\/v2\/posts\/4259\/revisions"}],"predecessor-version":[{"id":4369,"href":"https:\/\/agora.xtec.cat\/escolalavilapalamos\/wp-json\/wp\/v2\/posts\/4259\/revisions\/4369"}],"wp:featuredmedia":[{"embeddable":true,"href":"https:\/\/agora.xtec.cat\/escolalavilapalamos\/wp-json\/wp\/v2\/media\/4338"}],"wp:attachment":[{"href":"https:\/\/agora.xtec.cat\/escolalavilapalamos\/wp-json\/wp\/v2\/media?parent=4259"}],"wp:term":[{"taxonomy":"category","embeddable":true,"href":"https:\/\/agora.xtec.cat\/escolalavilapalamos\/wp-json\/wp\/v2\/categories?post=4259"},{"taxonomy":"post_tag","embeddable":true,"href":"https:\/\/agora.xtec.cat\/escolalavilapalamos\/wp-json\/wp\/v2\/tags?post=4259"}],"curies":[{"name":"wp","href":"https:\/\/api.w.org\/{rel}","templated":true}]}}