{"id":4258,"date":"2018-12-04T16:00:26","date_gmt":"2018-12-04T15:00:26","guid":{"rendered":"http:\/\/agora.xtec.cat\/escolalavilapalamos\/?p=4258"},"modified":"2018-12-17T12:14:32","modified_gmt":"2018-12-17T11:14:32","slug":"preparem-la-fira-nadalenca","status":"publish","type":"post","link":"https:\/\/agora.xtec.cat\/escolalavilapalamos\/general\/preparem-la-fira-nadalenca\/","title":{"rendered":"Preparem la Fira Nadalenca !"},"content":{"rendered":"<h5>Reporters La Vila<\/h5>\n<p><a href=\"https:\/\/agora.xtec.cat\/escolalavilapalamos\/wp-content\/uploads\/usu897\/2018\/12\/Fira-nadalenca2.jpeg\"><img loading=\"lazy\" decoding=\"async\" class=\"wp-image-4429 alignleft\" src=\"https:\/\/agora.xtec.cat\/escolalavilapalamos\/wp-content\/uploads\/usu897\/2018\/12\/Fira-nadalenca2-1024x768.jpeg\" alt=\"\" width=\"420\" height=\"315\" srcset=\"https:\/\/agora.xtec.cat\/escolalavilapalamos\/wp-content\/uploads\/usu897\/2018\/12\/Fira-nadalenca2-1024x768.jpeg 1024w, https:\/\/agora.xtec.cat\/escolalavilapalamos\/wp-content\/uploads\/usu897\/2018\/12\/Fira-nadalenca2-300x225.jpeg 300w, https:\/\/agora.xtec.cat\/escolalavilapalamos\/wp-content\/uploads\/usu897\/2018\/12\/Fira-nadalenca2-768x576.jpeg 768w, https:\/\/agora.xtec.cat\/escolalavilapalamos\/wp-content\/uploads\/usu897\/2018\/12\/Fira-nadalenca2-200x150.jpeg 200w, https:\/\/agora.xtec.cat\/escolalavilapalamos\/wp-content\/uploads\/usu897\/2018\/12\/Fira-nadalenca2.jpeg 1600w\" sizes=\"auto, (max-width: 420px) 100vw, 420px\" \/><\/a>El proper diumenge 16 de desembre t\u00e9 lloc la tradicional <strong>Fira Nadalenca de Palam\u00f3s<\/strong>. La mainada de l&#8217;escola est\u00e0 preparant manualitats per vendre a la fira.<\/p>\n<p>Qu\u00e8 fan els nens i nenes per la Fira nadalenca d&#8217;enguany?<\/p>\n<p>A la <em>comunitat de petits<\/em>. P4 decoraci\u00f3 per l&#8217;arbre, amb una pe\u00e7a de trencaclosques pinten dibuixos de Nadal i li posen un fil per penjar a l&#8217;arbre, i P5 fan unes etiquetes de Nadal i atrapasomnis.<\/p>\n<p>A la <em>comunitat de mitjans<\/em>. 2n fan un ti\u00f3 amb plastilina, els de 1r fan figures de fang per penjar a l&#8217;arbre de Nadal i 3r fan un centre d&#8217;espelmes amb fang.<\/p>\n<p>A la <em>comunitat de grans<\/em>. 4t fan un arbre de Nadal amb paper, llana i purpurina. 5\u00e8 fan un arbre de Nadal amb taps de suro i una pinya i tamb\u00e9 fan uns pots amb una espelma a dins. 6\u00e8\u00a0 fan uns rens amb nas de xupa-xup.<\/p>\n<p>En podeu veure una mostra de les manualitats aqu\u00ed<\/p>\n","protected":false},"excerpt":{"rendered":"<p>Reporters La Vila<br \/>\n<a href=\"https:\/\/agora.xtec.cat\/escolalavilapalamos\/wp-content\/uploads\/usu897\/2018\/12\/Fira-nadalenca2.jpeg\"><\/a>El proper diumenge 16 de desembre t\u00e9 lloc la tradicional Fira Nadalenca de Palam\u00f3s. La mainada de l&#8217;escola est\u00e0 preparant manualitats per vendre a la fira.<br \/>\nQu\u00e8 fan els nens i nenes per la Fira nadalenca d&#8217;enguany?<br \/>\nA la comunitat de petits. P4 decoraci\u00f3&hellip;  <a href=\"https:\/\/agora.xtec.cat\/escolalavilapalamos\/general\/preparem-la-fira-nadalenca\/\" title=\"Read Preparem la Fira Nadalenca !\">Llegeix m\u00e9s\u00bb<\/a><\/p>\n","protected":false},"author":171,"featured_media":4428,"comment_status":"open","ping_status":"closed","sticky":false,"template":"","format":"standard","meta":{"_bbp_topic_count":0,"_bbp_reply_count":0,"_bbp_total_topic_count":0,"_bbp_total_reply_count":0,"_bbp_voice_count":0,"_bbp_anonymous_reply_count":0,"_bbp_topic_count_hidden":0,"_bbp_reply_count_hidden":0,"_bbp_forum_subforum_count":0,"footnotes":""},"categories":[2,1,4,5],"tags":[],"class_list":["post-4258","post","type-post","status-publish","format-standard","has-post-thumbnail","hentry","category-infantil","category-general","category-portada","category-primaria"],"post_mailing_queue_ids":[],"_links":{"self":[{"href":"https:\/\/agora.xtec.cat\/escolalavilapalamos\/wp-json\/wp\/v2\/posts\/4258","targetHints":{"allow":["GET"]}}],"collection":[{"href":"https:\/\/agora.xtec.cat\/escolalavilapalamos\/wp-json\/wp\/v2\/posts"}],"about":[{"href":"https:\/\/agora.xtec.cat\/escolalavilapalamos\/wp-json\/wp\/v2\/types\/post"}],"author":[{"embeddable":true,"href":"https:\/\/agora.xtec.cat\/escolalavilapalamos\/wp-json\/wp\/v2\/users\/171"}],"replies":[{"embeddable":true,"href":"https:\/\/agora.xtec.cat\/escolalavilapalamos\/wp-json\/wp\/v2\/comments?post=4258"}],"version-history":[{"count":4,"href":"https:\/\/agora.xtec.cat\/escolalavilapalamos\/wp-json\/wp\/v2\/posts\/4258\/revisions"}],"predecessor-version":[{"id":4435,"href":"https:\/\/agora.xtec.cat\/escolalavilapalamos\/wp-json\/wp\/v2\/posts\/4258\/revisions\/4435"}],"wp:featuredmedia":[{"embeddable":true,"href":"https:\/\/agora.xtec.cat\/escolalavilapalamos\/wp-json\/wp\/v2\/media\/4428"}],"wp:attachment":[{"href":"https:\/\/agora.xtec.cat\/escolalavilapalamos\/wp-json\/wp\/v2\/media?parent=4258"}],"wp:term":[{"taxonomy":"category","embeddable":true,"href":"https:\/\/agora.xtec.cat\/escolalavilapalamos\/wp-json\/wp\/v2\/categories?post=4258"},{"taxonomy":"post_tag","embeddable":true,"href":"https:\/\/agora.xtec.cat\/escolalavilapalamos\/wp-json\/wp\/v2\/tags?post=4258"}],"curies":[{"name":"wp","href":"https:\/\/api.w.org\/{rel}","templated":true}]}}