{"id":4232,"date":"2018-11-26T12:19:34","date_gmt":"2018-11-26T11:19:34","guid":{"rendered":"http:\/\/agora.xtec.cat\/escolalavilapalamos\/?p=4232"},"modified":"2018-11-26T16:47:25","modified_gmt":"2018-11-26T15:47:25","slug":"paneres-de-nadal","status":"publish","type":"post","link":"https:\/\/agora.xtec.cat\/escolalavilapalamos\/general\/paneres-de-nadal\/","title":{"rendered":"Paneres de Nadal"},"content":{"rendered":"<p>Benvolgudes fam\u00edlies<\/p>\n<p>Som els n<a href=\"https:\/\/agora.xtec.cat\/escolalavilapalamos\/wp-content\/uploads\/usu897\/2018\/11\/panera.jpg\"><img loading=\"lazy\" decoding=\"async\" class=\"size-full wp-image-4233 alignleft\" src=\"https:\/\/agora.xtec.cat\/escolalavilapalamos\/wp-content\/uploads\/usu897\/2018\/11\/panera.jpg\" alt=\"\" width=\"222\" height=\"227\" \/><\/a>ens 5\u00e8 i us volem demanar la vostra col\u00b7laboraci\u00f3! Estem muntant unes paneres que sortejarem a les cantades de Nadal. Com ens podeu ajudar? Podeu anar a botigues o si coneixeu algun familiar o amic que tingui negoci que creieu que pot col\u00b7laborar donant-nos: vals de regal, vals per una perruqueria, un val de massatges, etc. Tamb\u00e9 podeu portar coses per omplir les paneres: Fuet, torr\u00f3, llibres, vi, begudes, bombons&#8230; i tot el que se us acudeixi perqu\u00e8 ens quedi super xula! Tot aix\u00f2, \u00e9s per recaptar diners pel viatge que farem de final de 6\u00e8!<\/p>\n<p>Esperem que ens ajudeu molt, teniu fins el 10 de desembre per portar-nos cosetes!<\/p>\n<p>Molt\u00edssimes gr\u00e0cies!<\/p>\n<p>Alumnes de 5\u00e8<\/p>\n<p>&nbsp;<\/p>\n","protected":false},"excerpt":{"rendered":"<p>Benvolgudes fam\u00edlies<br \/>\nSom els n<a href=\"https:\/\/agora.xtec.cat\/escolalavilapalamos\/wp-content\/uploads\/usu897\/2018\/11\/panera.jpg\"><\/a>ens 5\u00e8 i us volem demanar la vostra col\u00b7laboraci\u00f3! Estem muntant unes paneres que sortejarem a les cantades de Nadal. Com ens podeu ajudar? Podeu anar a botigues o si coneixeu algun familiar o amic que tingui negoci que creieu que&hellip;  <a href=\"https:\/\/agora.xtec.cat\/escolalavilapalamos\/general\/paneres-de-nadal\/\" title=\"Read Paneres de Nadal\">Llegeix m\u00e9s\u00bb<\/a><\/p>\n","protected":false},"author":9,"featured_media":4233,"comment_status":"open","ping_status":"closed","sticky":false,"template":"","format":"standard","meta":{"_bbp_topic_count":0,"_bbp_reply_count":0,"_bbp_total_topic_count":0,"_bbp_total_reply_count":0,"_bbp_voice_count":0,"_bbp_anonymous_reply_count":0,"_bbp_topic_count_hidden":0,"_bbp_reply_count_hidden":0,"_bbp_forum_subforum_count":0,"footnotes":""},"categories":[128,1,4],"tags":[],"class_list":["post-4232","post","type-post","status-publish","format-standard","has-post-thumbnail","hentry","category-comunitat-de-grans","category-general","category-portada"],"post_mailing_queue_ids":[],"_links":{"self":[{"href":"https:\/\/agora.xtec.cat\/escolalavilapalamos\/wp-json\/wp\/v2\/posts\/4232","targetHints":{"allow":["GET"]}}],"collection":[{"href":"https:\/\/agora.xtec.cat\/escolalavilapalamos\/wp-json\/wp\/v2\/posts"}],"about":[{"href":"https:\/\/agora.xtec.cat\/escolalavilapalamos\/wp-json\/wp\/v2\/types\/post"}],"author":[{"embeddable":true,"href":"https:\/\/agora.xtec.cat\/escolalavilapalamos\/wp-json\/wp\/v2\/users\/9"}],"replies":[{"embeddable":true,"href":"https:\/\/agora.xtec.cat\/escolalavilapalamos\/wp-json\/wp\/v2\/comments?post=4232"}],"version-history":[{"count":3,"href":"https:\/\/agora.xtec.cat\/escolalavilapalamos\/wp-json\/wp\/v2\/posts\/4232\/revisions"}],"predecessor-version":[{"id":4266,"href":"https:\/\/agora.xtec.cat\/escolalavilapalamos\/wp-json\/wp\/v2\/posts\/4232\/revisions\/4266"}],"wp:featuredmedia":[{"embeddable":true,"href":"https:\/\/agora.xtec.cat\/escolalavilapalamos\/wp-json\/wp\/v2\/media\/4233"}],"wp:attachment":[{"href":"https:\/\/agora.xtec.cat\/escolalavilapalamos\/wp-json\/wp\/v2\/media?parent=4232"}],"wp:term":[{"taxonomy":"category","embeddable":true,"href":"https:\/\/agora.xtec.cat\/escolalavilapalamos\/wp-json\/wp\/v2\/categories?post=4232"},{"taxonomy":"post_tag","embeddable":true,"href":"https:\/\/agora.xtec.cat\/escolalavilapalamos\/wp-json\/wp\/v2\/tags?post=4232"}],"curies":[{"name":"wp","href":"https:\/\/api.w.org\/{rel}","templated":true}]}}