{"id":4208,"date":"2018-11-26T16:12:43","date_gmt":"2018-11-26T15:12:43","guid":{"rendered":"http:\/\/agora.xtec.cat\/escolalavilapalamos\/?p=4208"},"modified":"2018-11-27T13:04:31","modified_gmt":"2018-11-27T12:04:31","slug":"hort-de-l-escola","status":"publish","type":"post","link":"https:\/\/agora.xtec.cat\/escolalavilapalamos\/general\/hort-de-l-escola\/","title":{"rendered":"L&#8217; hort de l&#8217;escola"},"content":{"rendered":"<h6><a href=\"https:\/\/agora.xtec.cat\/escolalavilapalamos\/wp-content\/uploads\/usu897\/2018\/11\/P1210956.jpg\"><img loading=\"lazy\" decoding=\"async\" class=\"wp-image-4271 alignright\" src=\"https:\/\/agora.xtec.cat\/escolalavilapalamos\/wp-content\/uploads\/usu897\/2018\/11\/P1210956.jpg\" alt=\"\" width=\"334\" height=\"251\" srcset=\"https:\/\/agora.xtec.cat\/escolalavilapalamos\/wp-content\/uploads\/usu897\/2018\/11\/P1210956.jpg 1022w, https:\/\/agora.xtec.cat\/escolalavilapalamos\/wp-content\/uploads\/usu897\/2018\/11\/P1210956-300x225.jpg 300w, https:\/\/agora.xtec.cat\/escolalavilapalamos\/wp-content\/uploads\/usu897\/2018\/11\/P1210956-768x576.jpg 768w, https:\/\/agora.xtec.cat\/escolalavilapalamos\/wp-content\/uploads\/usu897\/2018\/11\/P1210956-200x150.jpg 200w\" sizes=\"auto, (max-width: 334px) 100vw, 334px\" \/><\/a>Reporters La Vila<\/h6>\n<p>Els nens i nenes de la comunitat de mitjans han fet un hort als ambients d&#8217;aprenentatge.\u00a0Han plantat enciams, cols, p\u00e8sols, faves, tomates, pastanagues, cebes, patates, alberg\u00ednies&#8230;Ho reguen amb reg autom\u00e0tic . La mestra responsable \u00e9s la Carme Pellicer.<\/p>\n<h3>Les raons per fer un hort a l\u2019escola<\/h3>\n<ul>\n<li>\u00c9s un espai d\u2019<strong>aprenentatge transversal, vivencial i experimental<\/strong>.<\/li>\n<li>\u00c9s un espai de\u00a0<strong>contacte amb la natura<\/strong>\u00a0i aix\u00f2 afavoreix el benestar psicol\u00f2gic i f\u00edsic dels infants.<\/li>\n<li>Potencia la transmissi\u00f3 del coneixement i els valors de la cura,\u00a0<strong>el respecte per l\u2019entorn<\/strong>, de l\u2019ecologia i la sostenibilitat.<\/li>\n<li>\u00c9s un espai de\u00a0<strong>participaci\u00f3 activa<\/strong>, de treball en equip i cooperaci\u00f3 entre els alumnes.<\/li>\n<li><strong>Estimula la intel\u00b7lig\u00e8ncia<\/strong>\u00a0i el desenvolupament sensorial dels infants.<\/li>\n<li>Afavoreix la comprensi\u00f3 de la proced\u00e8ncia dels aliments i\u00a0<strong>millora els h\u00e0bits alimentaris i saludables<\/strong>\u00a0dels infants.<\/li>\n<\/ul>\n<p>L&#8217; hort \u00e9s un espai m\u00e9s del pati de l&#8217;escola i forma part del projecte d&#8217;espais exteriors del centre.<\/p>\n<p><iframe loading=\"lazy\" src=\"\/\/www.youtube.com\/embed\/ES68Dy1dwvU\" width=\"560\" height=\"314\"><\/iframe>Aquest v\u00eddeo ha estat editat per \u00c0lex Casado.<\/p>\n","protected":false},"excerpt":{"rendered":"<p><a href=\"https:\/\/agora.xtec.cat\/escolalavilapalamos\/wp-content\/uploads\/usu897\/2018\/11\/P1210956.jpg\"><\/a>Reporters La Vila<br \/>\nEls nens i nenes de la comunitat de mitjans han fet un hort als ambients d&#8217;aprenentatge.\u00a0Han plantat enciams, cols, p\u00e8sols, faves, tomates, pastanagues, cebes, patates, alberg\u00ednies&#8230;Ho reguen amb reg autom\u00e0tic . La mestra responsable \u00e9s la Carme Pellicer.<br \/>\nLes raons per fer un&hellip;  <a href=\"https:\/\/agora.xtec.cat\/escolalavilapalamos\/general\/hort-de-l-escola\/\" title=\"Read L&#8217; hort de l&#8217;escola\">Llegeix m\u00e9s\u00bb<\/a><\/p>\n","protected":false},"author":171,"featured_media":4271,"comment_status":"open","ping_status":"closed","sticky":false,"template":"","format":"standard","meta":{"_bbp_topic_count":0,"_bbp_reply_count":0,"_bbp_total_topic_count":0,"_bbp_total_reply_count":0,"_bbp_voice_count":0,"_bbp_anonymous_reply_count":0,"_bbp_topic_count_hidden":0,"_bbp_reply_count_hidden":0,"_bbp_forum_subforum_count":0,"footnotes":""},"categories":[2,1,4,5],"tags":[],"class_list":["post-4208","post","type-post","status-publish","format-standard","has-post-thumbnail","hentry","category-infantil","category-general","category-portada","category-primaria"],"post_mailing_queue_ids":[],"_links":{"self":[{"href":"https:\/\/agora.xtec.cat\/escolalavilapalamos\/wp-json\/wp\/v2\/posts\/4208","targetHints":{"allow":["GET"]}}],"collection":[{"href":"https:\/\/agora.xtec.cat\/escolalavilapalamos\/wp-json\/wp\/v2\/posts"}],"about":[{"href":"https:\/\/agora.xtec.cat\/escolalavilapalamos\/wp-json\/wp\/v2\/types\/post"}],"author":[{"embeddable":true,"href":"https:\/\/agora.xtec.cat\/escolalavilapalamos\/wp-json\/wp\/v2\/users\/171"}],"replies":[{"embeddable":true,"href":"https:\/\/agora.xtec.cat\/escolalavilapalamos\/wp-json\/wp\/v2\/comments?post=4208"}],"version-history":[{"count":4,"href":"https:\/\/agora.xtec.cat\/escolalavilapalamos\/wp-json\/wp\/v2\/posts\/4208\/revisions"}],"predecessor-version":[{"id":4272,"href":"https:\/\/agora.xtec.cat\/escolalavilapalamos\/wp-json\/wp\/v2\/posts\/4208\/revisions\/4272"}],"wp:featuredmedia":[{"embeddable":true,"href":"https:\/\/agora.xtec.cat\/escolalavilapalamos\/wp-json\/wp\/v2\/media\/4271"}],"wp:attachment":[{"href":"https:\/\/agora.xtec.cat\/escolalavilapalamos\/wp-json\/wp\/v2\/media?parent=4208"}],"wp:term":[{"taxonomy":"category","embeddable":true,"href":"https:\/\/agora.xtec.cat\/escolalavilapalamos\/wp-json\/wp\/v2\/categories?post=4208"},{"taxonomy":"post_tag","embeddable":true,"href":"https:\/\/agora.xtec.cat\/escolalavilapalamos\/wp-json\/wp\/v2\/tags?post=4208"}],"curies":[{"name":"wp","href":"https:\/\/api.w.org\/{rel}","templated":true}]}}