{"id":4205,"date":"2018-12-04T10:07:32","date_gmt":"2018-12-04T09:07:32","guid":{"rendered":"http:\/\/agora.xtec.cat\/escolalavilapalamos\/?p=4205"},"modified":"2018-12-04T10:10:16","modified_gmt":"2018-12-04T09:10:16","slug":"activitats-extraescolars-a-lescola","status":"publish","type":"post","link":"https:\/\/agora.xtec.cat\/escolalavilapalamos\/general\/activitats-extraescolars-a-lescola\/","title":{"rendered":"Activitats extraescolars a l&#8217;escola"},"content":{"rendered":"<h5>Reporters La Vila<\/h5>\n<p>Avui us parlarem de <strong>les activitats extraescolars<\/strong> que es fan a l&#8217;escola aquest curs.<\/p>\n<p><iframe loading=\"lazy\" src=\"\/\/www.youtube.com\/embed\/2SHx-YBpQyk\" width=\"560\" height=\"314\"><\/iframe><\/p>\n<p>Infantil: Taller d&#8217;art, dansa creativa, angl\u00e8s, iniciaci\u00f3 esportiva, escacs i ioga en fam\u00edlia.<\/p>\n<p>Prim\u00e0ria: futbol sala, speaking,teatre, taller de costura, mecanografia, multiesports, taller d&#8217;art, r\u00edtmica, dibuix i comic, funky, futbol sala, skate, basquet i judo.<\/p>\n<p>Speaking: tenen comberses en angles.<\/p>\n<p>Funky: practiquen balls i despr\u00e9s fan un festival.<\/p>\n<p>Taller de costura: coseixen teles i es fan exsesoris&#8230;.<\/p>\n<p>Mecanografia: aprenen a escriure a l&#8217;ordinador sense mirar i amb els dits ven possats.<\/p>\n<p>Futbol sala: fer futbol en una sala.<\/p>\n<p>Taller de art: fan manualitats, pinten fan figures de fang&#8230;<\/p>\n<p>R\u00edtmica: fan acrovacies, balls practiquen la seva flexibilitat&#8230;.<\/p>\n<p>Skate:patinen,fan salts,voltes amb l&#8217;eskate i ejercisis.<\/p>\n<p>Iniciacio esportiva: fer diferent esports basquet futbol&#8230;<\/p>\n<p>Dansa creativa:fan danca iballs creatius.<\/p>\n<p>Judo:Practiquen la defensa personal i fan exercisis&#8230;&#8230;<\/p>\n<p>Dibuix i comic: Dibuixen i fan comics.<\/p>\n<p>Escacs: aperenen a jugar a escacs i fan partides.<\/p>\n<p>Multiesports: fan diferents esports.<\/p>\n<p>&nbsp;<\/p>\n","protected":false},"excerpt":{"rendered":"<p>Reporters La Vila<br \/>\nAvui us parlarem de les activitats extraescolars que es fan a l&#8217;escola aquest curs.<\/p>\n<p>Infantil: Taller d&#8217;art, dansa creativa, angl\u00e8s, iniciaci\u00f3 esportiva, escacs i ioga en fam\u00edlia.<br \/>\nPrim\u00e0ria: futbol sala, speaking,teatre, taller de costura, mecanografia, multiesports, taller d&#8217;art, r\u00edtmica, dibuix i comic, funky, futbol sala,&hellip;  <a href=\"https:\/\/agora.xtec.cat\/escolalavilapalamos\/general\/activitats-extraescolars-a-lescola\/\" title=\"Read Activitats extraescolars a l&#8217;escola\">Llegeix m\u00e9s\u00bb<\/a><\/p>\n","protected":false},"author":171,"featured_media":1870,"comment_status":"open","ping_status":"closed","sticky":false,"template":"","format":"standard","meta":{"_bbp_topic_count":0,"_bbp_reply_count":0,"_bbp_total_topic_count":0,"_bbp_total_reply_count":0,"_bbp_voice_count":0,"_bbp_anonymous_reply_count":0,"_bbp_topic_count_hidden":0,"_bbp_reply_count_hidden":0,"_bbp_forum_subforum_count":0,"footnotes":""},"categories":[7,1,4],"tags":[],"class_list":["post-4205","post","type-post","status-publish","format-standard","has-post-thumbnail","hentry","category-ampa","category-general","category-portada"],"post_mailing_queue_ids":[],"_links":{"self":[{"href":"https:\/\/agora.xtec.cat\/escolalavilapalamos\/wp-json\/wp\/v2\/posts\/4205","targetHints":{"allow":["GET"]}}],"collection":[{"href":"https:\/\/agora.xtec.cat\/escolalavilapalamos\/wp-json\/wp\/v2\/posts"}],"about":[{"href":"https:\/\/agora.xtec.cat\/escolalavilapalamos\/wp-json\/wp\/v2\/types\/post"}],"author":[{"embeddable":true,"href":"https:\/\/agora.xtec.cat\/escolalavilapalamos\/wp-json\/wp\/v2\/users\/171"}],"replies":[{"embeddable":true,"href":"https:\/\/agora.xtec.cat\/escolalavilapalamos\/wp-json\/wp\/v2\/comments?post=4205"}],"version-history":[{"count":4,"href":"https:\/\/agora.xtec.cat\/escolalavilapalamos\/wp-json\/wp\/v2\/posts\/4205\/revisions"}],"predecessor-version":[{"id":4327,"href":"https:\/\/agora.xtec.cat\/escolalavilapalamos\/wp-json\/wp\/v2\/posts\/4205\/revisions\/4327"}],"wp:featuredmedia":[{"embeddable":true,"href":"https:\/\/agora.xtec.cat\/escolalavilapalamos\/wp-json\/wp\/v2\/media\/1870"}],"wp:attachment":[{"href":"https:\/\/agora.xtec.cat\/escolalavilapalamos\/wp-json\/wp\/v2\/media?parent=4205"}],"wp:term":[{"taxonomy":"category","embeddable":true,"href":"https:\/\/agora.xtec.cat\/escolalavilapalamos\/wp-json\/wp\/v2\/categories?post=4205"},{"taxonomy":"post_tag","embeddable":true,"href":"https:\/\/agora.xtec.cat\/escolalavilapalamos\/wp-json\/wp\/v2\/tags?post=4205"}],"curies":[{"name":"wp","href":"https:\/\/api.w.org\/{rel}","templated":true}]}}