{"id":4190,"date":"2021-10-27T12:15:22","date_gmt":"2021-10-27T10:15:22","guid":{"rendered":"http:\/\/agora.xtec.cat\/escolalavilapalamos\/?p=4190"},"modified":"2021-10-28T18:09:27","modified_gmt":"2021-10-28T16:09:27","slug":"menjador-escolar","status":"publish","type":"post","link":"https:\/\/agora.xtec.cat\/escolalavilapalamos\/general\/menjador-escolar\/","title":{"rendered":"Menjador escolar"},"content":{"rendered":"<p><a href=\"https:\/\/agora.xtec.cat\/escolalavilapalamos\/wp-content\/uploads\/usu897\/2020\/10\/Menu\u0301-Menjador-novembre-05-365x365-1.jpg\"><img loading=\"lazy\" decoding=\"async\" class=\" wp-image-10254 alignright\" src=\"https:\/\/agora.xtec.cat\/escolalavilapalamos\/wp-content\/uploads\/usu897\/2020\/10\/Menu\u0301-Menjador-novembre-05-365x365-1-300x300.jpg\" alt=\"\" width=\"290\" height=\"290\" srcset=\"https:\/\/agora.xtec.cat\/escolalavilapalamos\/wp-content\/uploads\/usu897\/2020\/10\/Menu\u0301-Menjador-novembre-05-365x365-1-300x300.jpg 300w, https:\/\/agora.xtec.cat\/escolalavilapalamos\/wp-content\/uploads\/usu897\/2020\/10\/Menu\u0301-Menjador-novembre-05-365x365-1-150x150.jpg 150w, https:\/\/agora.xtec.cat\/escolalavilapalamos\/wp-content\/uploads\/usu897\/2020\/10\/Menu\u0301-Menjador-novembre-05-365x365-1.jpg 365w\" sizes=\"auto, (max-width: 290px) 100vw, 290px\" \/><\/a>Benvolgudes fam\u00edlies,<\/p>\n<p>com ja sabeu <a href=\"https:\/\/www.boisa.cat\/ca\/\">l&#8217;empresa BoiSa<\/a> Catalunya porta la gesti\u00f3 del <strong>Servei de Menjador de l&#8217;escola<\/strong> des d&#8217;aquest curs 21-22. El servei de menjador est\u00e0 gestionat pel Consell Comarcal del Baix Empord\u00e0 i a trav\u00e9s de concurs p\u00fablic es cedeix a una empresa.<\/p>\n<p>Cada dia, la Sra. Pilar Ortega, coordinadora del servei de menjador escolar es troba a l&#8217;escola de 8:45 a 9:15 per atendre a les fam\u00edlies: men\u00fa, pagaments, incid\u00e8ncies, etc.<\/p>\n<p>Per d&#8217;altra banda hi ha dos pares\/mares representants del Consell escolar que formen part de <strong>la Comissi\u00f3 de menjador<\/strong> i que tamb\u00e9 atenen totes les demandes que es vulguin de les fam\u00edlies. Les representants s\u00f3n l&#8217;\u00c0frica Pineda i la Marta Romero.<\/p>\n<p>Podeu enviar les vostres opinions sobre el menjador escolar a trav\u00e9s del correu: <a href=\"mailto:comissiomenjador@escolalavila.cat\">comissiomenjador@escolalavila.cat<\/a>. Les opinions es traslladen a la comissi\u00f3 de menjador on hi ha representants de l&#8217;empresa, el consell escolar, monitores i direcci\u00f3 del centre.<\/p>\n<p>Si per alguna incid\u00e8ncia voleu parlar amb la direcci\u00f3 de l&#8217;escola podeu passar cada dia de 8:30 a 9:30 h o hores convingudes amb cita pr\u00e8via.<\/p>\n","protected":false},"excerpt":{"rendered":"<p><a href=\"https:\/\/agora.xtec.cat\/escolalavilapalamos\/wp-content\/uploads\/usu897\/2020\/10\/Menu\u0301-Menjador-novembre-05-365x365-1.jpg\"><\/a>Benvolgudes fam\u00edlies,<br \/>\ncom ja sabeu <a href=\"https:\/\/www.boisa.cat\/ca\/\">l&#8217;empresa BoiSa<\/a> Catalunya porta la gesti\u00f3 del Servei de Menjador de l&#8217;escola des d&#8217;aquest curs 21-22. El servei de menjador est\u00e0 gestionat pel Consell Comarcal del Baix Empord\u00e0 i a trav\u00e9s de concurs p\u00fablic es cedeix a una empresa.<br \/>\nCada&hellip;  <a href=\"https:\/\/agora.xtec.cat\/escolalavilapalamos\/general\/menjador-escolar\/\" title=\"Read Menjador escolar\">Llegeix m\u00e9s\u00bb<\/a><\/p>\n","protected":false},"author":1,"featured_media":10254,"comment_status":"open","ping_status":"closed","sticky":false,"template":"","format":"standard","meta":{"_bbp_topic_count":0,"_bbp_reply_count":0,"_bbp_total_topic_count":0,"_bbp_total_reply_count":0,"_bbp_voice_count":0,"_bbp_anonymous_reply_count":0,"_bbp_topic_count_hidden":0,"_bbp_reply_count_hidden":0,"_bbp_forum_subforum_count":0,"footnotes":""},"categories":[1,4],"tags":[],"class_list":["post-4190","post","type-post","status-publish","format-standard","has-post-thumbnail","hentry","category-general","category-portada"],"post_mailing_queue_ids":[],"_links":{"self":[{"href":"https:\/\/agora.xtec.cat\/escolalavilapalamos\/wp-json\/wp\/v2\/posts\/4190","targetHints":{"allow":["GET"]}}],"collection":[{"href":"https:\/\/agora.xtec.cat\/escolalavilapalamos\/wp-json\/wp\/v2\/posts"}],"about":[{"href":"https:\/\/agora.xtec.cat\/escolalavilapalamos\/wp-json\/wp\/v2\/types\/post"}],"author":[{"embeddable":true,"href":"https:\/\/agora.xtec.cat\/escolalavilapalamos\/wp-json\/wp\/v2\/users\/1"}],"replies":[{"embeddable":true,"href":"https:\/\/agora.xtec.cat\/escolalavilapalamos\/wp-json\/wp\/v2\/comments?post=4190"}],"version-history":[{"count":3,"href":"https:\/\/agora.xtec.cat\/escolalavilapalamos\/wp-json\/wp\/v2\/posts\/4190\/revisions"}],"predecessor-version":[{"id":10257,"href":"https:\/\/agora.xtec.cat\/escolalavilapalamos\/wp-json\/wp\/v2\/posts\/4190\/revisions\/10257"}],"wp:featuredmedia":[{"embeddable":true,"href":"https:\/\/agora.xtec.cat\/escolalavilapalamos\/wp-json\/wp\/v2\/media\/10254"}],"wp:attachment":[{"href":"https:\/\/agora.xtec.cat\/escolalavilapalamos\/wp-json\/wp\/v2\/media?parent=4190"}],"wp:term":[{"taxonomy":"category","embeddable":true,"href":"https:\/\/agora.xtec.cat\/escolalavilapalamos\/wp-json\/wp\/v2\/categories?post=4190"},{"taxonomy":"post_tag","embeddable":true,"href":"https:\/\/agora.xtec.cat\/escolalavilapalamos\/wp-json\/wp\/v2\/tags?post=4190"}],"curies":[{"name":"wp","href":"https:\/\/api.w.org\/{rel}","templated":true}]}}