{"id":418,"date":"2018-11-23T12:00:27","date_gmt":"2018-11-23T11:00:27","guid":{"rendered":"http:\/\/agora.xtec.cat\/escolalavilapalamos\/?p=418"},"modified":"2018-11-26T12:26:08","modified_gmt":"2018-11-26T11:26:08","slug":"10e-mercat-de-la-joguina-solidaria","status":"publish","type":"post","link":"https:\/\/agora.xtec.cat\/escolalavilapalamos\/general\/10e-mercat-de-la-joguina-solidaria\/","title":{"rendered":"12\u00e8 Mercat de la joguina solid\u00e0ria"},"content":{"rendered":"<p><a href=\"https:\/\/agora.xtec.cat\/escolalavilapalamos\/wp-content\/uploads\/usu897\/2018\/11\/CARTELL-MERCAT-DE-LA-JOGUINA-SOLID\u00c0RIA-2016-copia.jpg\"><img loading=\"lazy\" decoding=\"async\" class=\"wp-image-4228 alignleft\" src=\"https:\/\/agora.xtec.cat\/escolalavilapalamos\/wp-content\/uploads\/usu897\/2018\/11\/CARTELL-MERCAT-DE-LA-JOGUINA-SOLID\u00c0RIA-2016-copia.jpg\" alt=\"\" width=\"332\" height=\"445\" srcset=\"https:\/\/agora.xtec.cat\/escolalavilapalamos\/wp-content\/uploads\/usu897\/2018\/11\/CARTELL-MERCAT-DE-LA-JOGUINA-SOLID\u00c0RIA-2016-copia.jpg 592w, https:\/\/agora.xtec.cat\/escolalavilapalamos\/wp-content\/uploads\/usu897\/2018\/11\/CARTELL-MERCAT-DE-LA-JOGUINA-SOLID\u00c0RIA-2016-copia-224x300.jpg 224w\" sizes=\"auto, (max-width: 332px) 100vw, 332px\" \/><\/a>La Taula Palam\u00f3s Solidari ha convidat a l\u2019escola a participar en el projecte que dur\u00e0 a terme aquesta campanya de Nadal.<br \/>\nTots tenim a casa joguines en bon estat i que els nostres fills ja no utilitzen. Aquestes joguines poden tenir una nova vida en mans d\u2019altres infants sempre i quan estiguin en bon estat.<br \/>\nEs muntar\u00e0 un mercat solidari de jocs i joguines. Pensem que \u00e9s un projecte amb dos aspectes: en primer lloc, ens ajuda a educar als nostres infants fent-los conscients del valor de les coses, de les necessitats de la gent que tenim al nostre entorn, de la import\u00e0ncia de reutilitzar i reciclar&#8230;; i en segon lloc, d\u00f3na l\u2019oportunitat a moltes fam\u00edlies de poder oferir joguines als seus infants sense necessitat de fer front a grans despeses. Els beneficis obtinguts en la campanya d\u2019aquest any aniran destinats a la \u201cGuarder\u00eda El Almendro\u201d de la Rep\u00fablica Dominicana, un projecte que va n\u00e9ixer i cr\u00e9ixer, gracies a l\u2019esfor\u00e7 de fam\u00edlies de la nostra vila compromeses amb la lluita contra les desigualtats socials i que actualment ja at\u00e9n a 300 infants d\u2019un dels barris m\u00e9s empobrits de la Rep\u00fablica Dominicana.<\/p>\n<p><strong>La recollida de joguines es far\u00e0 del dilluns 26 de novembre al dilluns 10 de desembre a classe a les hores d\u2019entrada.<\/strong> Cal que les joguines estiguin revisades i en bon estat. Les joguines en mal estat no podran ser utilitzades per a la finalitat del projecte.<\/p>\n<p><strong>El mercat solidari de joguines ser\u00e0 els dissabtes 15 i 22 de desembre<\/strong> a la Pla\u00e7a de la Roda (al costat del Carrer Major) durant tot el dia.<\/p>\n<p>En cas de mal temps el mercat es trobar\u00e0 situat al local del Punt Jove, al carrer Santa Marta, 6, davant del p\u00e0rquing de la Cooperativa.<\/p>\n<p>Esperem que trobeu interessant i engrescador aquest projecte i vulgueu col\u2022laborar-hi.<\/p>\n<p>Descarrega&#8217;t la circular del <a href=\"https:\/\/drive.google.com\/file\/d\/10pyjNbYqWFKFG-CymDHYoKrIMESoHiSj\/view?usp=sharing\">Mercat de Joguina solid\u00e0ria<\/a>.<\/p>\n","protected":false},"excerpt":{"rendered":"<p><a href=\"https:\/\/agora.xtec.cat\/escolalavilapalamos\/wp-content\/uploads\/usu897\/2018\/11\/CARTELL-MERCAT-DE-LA-JOGUINA-SOLID\u00c0RIA-2016-copia.jpg\"><\/a>La Taula Palam\u00f3s Solidari ha convidat a l\u2019escola a participar en el projecte que dur\u00e0 a terme aquesta campanya de Nadal.<br \/>\nTots tenim a casa joguines en bon estat i que els nostres fills ja no utilitzen. Aquestes joguines poden tenir una nova vida en&hellip;  <a href=\"https:\/\/agora.xtec.cat\/escolalavilapalamos\/general\/10e-mercat-de-la-joguina-solidaria\/\" title=\"Read 12\u00e8 Mercat de la joguina solid\u00e0ria\">Llegeix m\u00e9s\u00bb<\/a><\/p>\n","protected":false},"author":1,"featured_media":4228,"comment_status":"open","ping_status":"closed","sticky":false,"template":"","format":"standard","meta":{"_bbp_topic_count":0,"_bbp_reply_count":0,"_bbp_total_topic_count":0,"_bbp_total_reply_count":0,"_bbp_voice_count":0,"_bbp_anonymous_reply_count":0,"_bbp_topic_count_hidden":0,"_bbp_reply_count_hidden":0,"_bbp_forum_subforum_count":0,"footnotes":""},"categories":[7,2,1,4,5],"tags":[],"class_list":["post-418","post","type-post","status-publish","format-standard","has-post-thumbnail","hentry","category-ampa","category-infantil","category-general","category-portada","category-primaria"],"post_mailing_queue_ids":[],"_links":{"self":[{"href":"https:\/\/agora.xtec.cat\/escolalavilapalamos\/wp-json\/wp\/v2\/posts\/418","targetHints":{"allow":["GET"]}}],"collection":[{"href":"https:\/\/agora.xtec.cat\/escolalavilapalamos\/wp-json\/wp\/v2\/posts"}],"about":[{"href":"https:\/\/agora.xtec.cat\/escolalavilapalamos\/wp-json\/wp\/v2\/types\/post"}],"author":[{"embeddable":true,"href":"https:\/\/agora.xtec.cat\/escolalavilapalamos\/wp-json\/wp\/v2\/users\/1"}],"replies":[{"embeddable":true,"href":"https:\/\/agora.xtec.cat\/escolalavilapalamos\/wp-json\/wp\/v2\/comments?post=418"}],"version-history":[{"count":3,"href":"https:\/\/agora.xtec.cat\/escolalavilapalamos\/wp-json\/wp\/v2\/posts\/418\/revisions"}],"predecessor-version":[{"id":4230,"href":"https:\/\/agora.xtec.cat\/escolalavilapalamos\/wp-json\/wp\/v2\/posts\/418\/revisions\/4230"}],"wp:featuredmedia":[{"embeddable":true,"href":"https:\/\/agora.xtec.cat\/escolalavilapalamos\/wp-json\/wp\/v2\/media\/4228"}],"wp:attachment":[{"href":"https:\/\/agora.xtec.cat\/escolalavilapalamos\/wp-json\/wp\/v2\/media?parent=418"}],"wp:term":[{"taxonomy":"category","embeddable":true,"href":"https:\/\/agora.xtec.cat\/escolalavilapalamos\/wp-json\/wp\/v2\/categories?post=418"},{"taxonomy":"post_tag","embeddable":true,"href":"https:\/\/agora.xtec.cat\/escolalavilapalamos\/wp-json\/wp\/v2\/tags?post=418"}],"curies":[{"name":"wp","href":"https:\/\/api.w.org\/{rel}","templated":true}]}}